{"id":1224,"date":"2018-06-05T08:29:32","date_gmt":"2018-06-05T08:29:32","guid":{"rendered":"https:\/\/exilarte.org\/?p=1224"},"modified":"2022-03-01T15:34:01","modified_gmt":"2022-03-01T14:34:01","slug":"commemorative-event-against-violence-and-racism-in-memory-of-the-victims-of-national-socialism","status":"publish","type":"post","link":"https:\/\/exilarte.org\/en\/commemorative-event-against-violence-and-racism-in-memory-of-the-victims-of-national-socialism","title":{"rendered":"Commemorative event against violence and racism in memory of the victims of National Socialism | May 4, 2018"},"content":{"rendered":"\n<p><strong>Diese Gedenkveranstaltung fand im Zeremoniensaal der Hofburg in Wien statt.<br><br>Egon Wellesz<\/strong>, Streichquartett Nr. 4, III. Sehr langsam,&nbsp;<strong>Walter Arlen<\/strong>, \u201eEs geht wohl anders\u201c f\u00fcr Gesang und Klavier, Sonett f\u00fcr Violine und Klavier, Humoreske f\u00fcr Piano solo&nbsp;<br><strong>Mitwirkende<\/strong>: Ensemble der Universit\u00e4t f\u00fcr Musik und darstellende Kunst Wien; Selini Quartett: Liubov Kalmykova (Violine), Nadia Kalmykova (Violine), Loredana Apetrei (Viola), Loukia Loulaki (Violoncello); Rafat Mokrzycki (Klavier), leva Pranskute (Violine); Helene Franziska Feldbauer (Mezzosporan)<\/p>\n\n\n\n<div class=\"wp-block-file\"><a href=\"https:\/\/exilarte.org\/wp-content\/uploads\/2019\/07\/hofburg_gedenk18_programm_auszug.pdf\">Programmheft<\/a><\/div>\n\n\n\n<h2>Bildergalerie<\/h2>\n\n\n\n<div class=\"wp-block-jetpack-slideshow aligncenter\" data-effect=\"slide\"><div class=\"wp-block-jetpack-slideshow_container swiper-container\"><ul class=\"wp-block-jetpack-slideshow_swiper-wrappper swiper-wrapper\"><li class=\"wp-block-jetpack-slideshow_slide swiper-slide\"><figure><img loading=\"lazy\" width=\"720\" height=\"480\" alt=\"\" class=\"wp-block-jetpack-slideshow_image wp-image-903\" data-id=\"902\" src=\"https:\/\/i0.wp.com\/exilarte.org\/wp-content\/uploads\/2019\/07\/hofburg_gedenk18_01.jpg?resize=720%2C480&#038;ssl=1\" srcset=\"https:\/\/i0.wp.com\/exilarte.org\/wp-content\/uploads\/2019\/07\/hofburg_gedenk18_01.jpg?w=720&amp;ssl=1 720w, https:\/\/i0.wp.com\/exilarte.org\/wp-content\/uploads\/2019\/07\/hofburg_gedenk18_01.jpg?resize=300%2C200&amp;ssl=1 300w, https:\/\/i0.wp.com\/exilarte.org\/wp-content\/uploads\/2019\/07\/hofburg_gedenk18_01.jpg?resize=600%2C400&amp;ssl=1 600w\" sizes=\"(max-width: 720px) 100vw, 720px\" data-recalc-dims=\"1\" \/><figcaption class=\"wp-block-jetpack-slideshow_caption gallery-caption\">1 Anneliese Kirzm\u00fcller, Howard Myers, Doris Bures, Walter Arlen<\/figcaption><\/figure><\/li><li class=\"wp-block-jetpack-slideshow_slide swiper-slide\"><figure><img loading=\"lazy\" width=\"720\" height=\"480\" alt=\"\" class=\"wp-block-jetpack-slideshow_image wp-image-901\" data-id=\"900\" src=\"https:\/\/i0.wp.com\/exilarte.org\/wp-content\/uploads\/2019\/07\/hofburg_gedenk18_02.jpg?resize=720%2C480&#038;ssl=1\" srcset=\"https:\/\/i0.wp.com\/exilarte.org\/wp-content\/uploads\/2019\/07\/hofburg_gedenk18_02.jpg?w=720&amp;ssl=1 720w, https:\/\/i0.wp.com\/exilarte.org\/wp-content\/uploads\/2019\/07\/hofburg_gedenk18_02.jpg?resize=300%2C200&amp;ssl=1 300w, https:\/\/i0.wp.com\/exilarte.org\/wp-content\/uploads\/2019\/07\/hofburg_gedenk18_02.jpg?resize=600%2C400&amp;ssl=1 600w\" sizes=\"(max-width: 720px) 100vw, 720px\" data-recalc-dims=\"1\" \/><figcaption class=\"wp-block-jetpack-slideshow_caption gallery-caption\">2 Ansprache von Nationalratspr\u00e4sident Wolfgang Sobotka<\/figcaption><\/figure><\/li><li class=\"wp-block-jetpack-slideshow_slide swiper-slide\"><figure><img loading=\"lazy\" width=\"720\" height=\"480\" alt=\"\" class=\"wp-block-jetpack-slideshow_image wp-image-899\" data-id=\"898\" src=\"https:\/\/i0.wp.com\/exilarte.org\/wp-content\/uploads\/2019\/07\/hofburg_gedenk18_03.jpg?resize=720%2C480&#038;ssl=1\" srcset=\"https:\/\/i0.wp.com\/exilarte.org\/wp-content\/uploads\/2019\/07\/hofburg_gedenk18_03.jpg?w=720&amp;ssl=1 720w, https:\/\/i0.wp.com\/exilarte.org\/wp-content\/uploads\/2019\/07\/hofburg_gedenk18_03.jpg?resize=300%2C200&amp;ssl=1 300w, https:\/\/i0.wp.com\/exilarte.org\/wp-content\/uploads\/2019\/07\/hofburg_gedenk18_03.jpg?resize=600%2C400&amp;ssl=1 600w\" sizes=\"(max-width: 720px) 100vw, 720px\" data-recalc-dims=\"1\" \/><figcaption class=\"wp-block-jetpack-slideshow_caption gallery-caption\">3 Barbara Gl\u00fcck, Wolfgang Sobotka, Hannah Lessing, Walter Arlen, Michael K\u00f6hlmeier, Lucia Heilman, Reinhard Todt<\/figcaption><\/figure><\/li><li class=\"wp-block-jetpack-slideshow_slide swiper-slide\"><figure><img loading=\"lazy\" width=\"720\" height=\"480\" alt=\"\" class=\"wp-block-jetpack-slideshow_image wp-image-897\" data-id=\"896\" src=\"https:\/\/i0.wp.com\/exilarte.org\/wp-content\/uploads\/2019\/07\/hofburg_gedenk18_04.jpg?resize=720%2C480&#038;ssl=1\" srcset=\"https:\/\/i0.wp.com\/exilarte.org\/wp-content\/uploads\/2019\/07\/hofburg_gedenk18_04.jpg?w=720&amp;ssl=1 720w, https:\/\/i0.wp.com\/exilarte.org\/wp-content\/uploads\/2019\/07\/hofburg_gedenk18_04.jpg?resize=300%2C200&amp;ssl=1 300w, https:\/\/i0.wp.com\/exilarte.org\/wp-content\/uploads\/2019\/07\/hofburg_gedenk18_04.jpg?resize=600%2C400&amp;ssl=1 600w\" sizes=\"(max-width: 720px) 100vw, 720px\" data-recalc-dims=\"1\" \/><figcaption class=\"wp-block-jetpack-slideshow_caption gallery-caption\">4 Begr\u00fc\u00dfung durch Bundesratspr\u00e4sident Reinhard Todt<\/figcaption><\/figure><\/li><li class=\"wp-block-jetpack-slideshow_slide swiper-slide\"><figure><img loading=\"lazy\" width=\"720\" height=\"480\" alt=\"\" class=\"wp-block-jetpack-slideshow_image wp-image-895\" data-id=\"894\" src=\"https:\/\/i0.wp.com\/exilarte.org\/wp-content\/uploads\/2019\/07\/hofburg_gedenk18_05.jpg?resize=720%2C480&#038;ssl=1\" srcset=\"https:\/\/i0.wp.com\/exilarte.org\/wp-content\/uploads\/2019\/07\/hofburg_gedenk18_05.jpg?w=720&amp;ssl=1 720w, https:\/\/i0.wp.com\/exilarte.org\/wp-content\/uploads\/2019\/07\/hofburg_gedenk18_05.jpg?resize=300%2C200&amp;ssl=1 300w, https:\/\/i0.wp.com\/exilarte.org\/wp-content\/uploads\/2019\/07\/hofburg_gedenk18_05.jpg?resize=600%2C400&amp;ssl=1 600w\" sizes=\"(max-width: 720px) 100vw, 720px\" data-recalc-dims=\"1\" \/><figcaption class=\"wp-block-jetpack-slideshow_caption gallery-caption\">5 Doris Bures, Zeitzeugin Lucia Heilman, Doris Schmidauer<\/figcaption><\/figure><\/li><li class=\"wp-block-jetpack-slideshow_slide swiper-slide\"><figure><img loading=\"lazy\" width=\"720\" height=\"480\" alt=\"\" class=\"wp-block-jetpack-slideshow_image wp-image-893\" data-id=\"892\" src=\"https:\/\/i0.wp.com\/exilarte.org\/wp-content\/uploads\/2019\/07\/hofburg_gedenk18_06.jpg?resize=720%2C480&#038;ssl=1\" srcset=\"https:\/\/i0.wp.com\/exilarte.org\/wp-content\/uploads\/2019\/07\/hofburg_gedenk18_06.jpg?w=720&amp;ssl=1 720w, https:\/\/i0.wp.com\/exilarte.org\/wp-content\/uploads\/2019\/07\/hofburg_gedenk18_06.jpg?resize=300%2C200&amp;ssl=1 300w, https:\/\/i0.wp.com\/exilarte.org\/wp-content\/uploads\/2019\/07\/hofburg_gedenk18_06.jpg?resize=600%2C400&amp;ssl=1 600w\" sizes=\"(max-width: 720px) 100vw, 720px\" data-recalc-dims=\"1\" \/><figcaption class=\"wp-block-jetpack-slideshow_caption gallery-caption\">6 Gruppenfoto mit allen Beteiligten der Veranstaltung<\/figcaption><\/figure><\/li><li class=\"wp-block-jetpack-slideshow_slide swiper-slide\"><figure><img loading=\"lazy\" width=\"720\" height=\"480\" alt=\"\" class=\"wp-block-jetpack-slideshow_image wp-image-891\" data-id=\"890\" src=\"https:\/\/i0.wp.com\/exilarte.org\/wp-content\/uploads\/2019\/07\/hofburg_gedenk18_07.jpg?resize=720%2C480&#038;ssl=1\" srcset=\"https:\/\/i0.wp.com\/exilarte.org\/wp-content\/uploads\/2019\/07\/hofburg_gedenk18_07.jpg?w=720&amp;ssl=1 720w, https:\/\/i0.wp.com\/exilarte.org\/wp-content\/uploads\/2019\/07\/hofburg_gedenk18_07.jpg?resize=300%2C200&amp;ssl=1 300w, https:\/\/i0.wp.com\/exilarte.org\/wp-content\/uploads\/2019\/07\/hofburg_gedenk18_07.jpg?resize=600%2C400&amp;ssl=1 600w\" sizes=\"(max-width: 720px) 100vw, 720px\" data-recalc-dims=\"1\" \/><figcaption class=\"wp-block-jetpack-slideshow_caption gallery-caption\">7 Gruppenfoto mit der Rektorin der mdw Ulrike Sych, Nationalratspr\u00e4sident Wolfgang Sobotka und den MusikerInnen<\/figcaption><\/figure><\/li><li class=\"wp-block-jetpack-slideshow_slide swiper-slide\"><figure><img loading=\"lazy\" width=\"720\" height=\"480\" alt=\"\" class=\"wp-block-jetpack-slideshow_image wp-image-889\" data-id=\"888\" src=\"https:\/\/i0.wp.com\/exilarte.org\/wp-content\/uploads\/2019\/07\/hofburg_gedenk18_08.jpg?resize=720%2C480&#038;ssl=1\" srcset=\"https:\/\/i0.wp.com\/exilarte.org\/wp-content\/uploads\/2019\/07\/hofburg_gedenk18_08.jpg?w=720&amp;ssl=1 720w, https:\/\/i0.wp.com\/exilarte.org\/wp-content\/uploads\/2019\/07\/hofburg_gedenk18_08.jpg?resize=300%2C200&amp;ssl=1 300w, https:\/\/i0.wp.com\/exilarte.org\/wp-content\/uploads\/2019\/07\/hofburg_gedenk18_08.jpg?resize=600%2C400&amp;ssl=1 600w\" sizes=\"(max-width: 720px) 100vw, 720px\" data-recalc-dims=\"1\" \/><figcaption class=\"wp-block-jetpack-slideshow_caption gallery-caption\">8 Ieva Pranskute, Violine; Rafal Mokrzycki, Klavier<\/figcaption><\/figure><\/li><li class=\"wp-block-jetpack-slideshow_slide swiper-slide\"><figure><img loading=\"lazy\" width=\"720\" height=\"480\" alt=\"\" class=\"wp-block-jetpack-slideshow_image wp-image-887\" data-id=\"886\" src=\"https:\/\/i0.wp.com\/exilarte.org\/wp-content\/uploads\/2019\/07\/hofburg_gedenk18_09.jpg?resize=720%2C480&#038;ssl=1\" srcset=\"https:\/\/i0.wp.com\/exilarte.org\/wp-content\/uploads\/2019\/07\/hofburg_gedenk18_09.jpg?w=720&amp;ssl=1 720w, https:\/\/i0.wp.com\/exilarte.org\/wp-content\/uploads\/2019\/07\/hofburg_gedenk18_09.jpg?resize=300%2C200&amp;ssl=1 300w, https:\/\/i0.wp.com\/exilarte.org\/wp-content\/uploads\/2019\/07\/hofburg_gedenk18_09.jpg?resize=600%2C400&amp;ssl=1 600w\" sizes=\"(max-width: 720px) 100vw, 720px\" data-recalc-dims=\"1\" \/><figcaption class=\"wp-block-jetpack-slideshow_caption gallery-caption\">9 Ieva Pranskute, Violine<\/figcaption><\/figure><\/li><li class=\"wp-block-jetpack-slideshow_slide swiper-slide\"><figure><img loading=\"lazy\" width=\"720\" height=\"480\" alt=\"\" class=\"wp-block-jetpack-slideshow_image wp-image-885\" data-id=\"884\" src=\"https:\/\/i0.wp.com\/exilarte.org\/wp-content\/uploads\/2019\/07\/hofburg_gedenk18_10.jpg?resize=720%2C480&#038;ssl=1\" srcset=\"https:\/\/i0.wp.com\/exilarte.org\/wp-content\/uploads\/2019\/07\/hofburg_gedenk18_10.jpg?w=720&amp;ssl=1 720w, https:\/\/i0.wp.com\/exilarte.org\/wp-content\/uploads\/2019\/07\/hofburg_gedenk18_10.jpg?resize=300%2C200&amp;ssl=1 300w, https:\/\/i0.wp.com\/exilarte.org\/wp-content\/uploads\/2019\/07\/hofburg_gedenk18_10.jpg?resize=600%2C400&amp;ssl=1 600w\" sizes=\"(max-width: 720px) 100vw, 720px\" data-recalc-dims=\"1\" \/><figcaption class=\"wp-block-jetpack-slideshow_caption gallery-caption\">10 Junge AutorInnen lesen ihre Texte zum Gedenktag<\/figcaption><\/figure><\/li><li class=\"wp-block-jetpack-slideshow_slide swiper-slide\"><figure><img loading=\"lazy\" width=\"720\" height=\"480\" alt=\"\" class=\"wp-block-jetpack-slideshow_image wp-image-883\" data-id=\"882\" src=\"https:\/\/i0.wp.com\/exilarte.org\/wp-content\/uploads\/2019\/07\/hofburg_gedenk18_11.jpg?resize=720%2C480&#038;ssl=1\" srcset=\"https:\/\/i0.wp.com\/exilarte.org\/wp-content\/uploads\/2019\/07\/hofburg_gedenk18_11.jpg?w=720&amp;ssl=1 720w, https:\/\/i0.wp.com\/exilarte.org\/wp-content\/uploads\/2019\/07\/hofburg_gedenk18_11.jpg?resize=300%2C200&amp;ssl=1 300w, https:\/\/i0.wp.com\/exilarte.org\/wp-content\/uploads\/2019\/07\/hofburg_gedenk18_11.jpg?resize=600%2C400&amp;ssl=1 600w\" sizes=\"(max-width: 720px) 100vw, 720px\" data-recalc-dims=\"1\" \/><figcaption class=\"wp-block-jetpack-slideshow_caption gallery-caption\">11 Lucia Heilman, Michael K\u00f6hlmeier, Hannah Lessing<\/figcaption><\/figure><\/li><li class=\"wp-block-jetpack-slideshow_slide swiper-slide\"><figure><img loading=\"lazy\" width=\"720\" height=\"480\" alt=\"\" class=\"wp-block-jetpack-slideshow_image wp-image-881\" data-id=\"880\" src=\"https:\/\/i0.wp.com\/exilarte.org\/wp-content\/uploads\/2019\/07\/hofburg_gedenk18_12.jpg?resize=720%2C480&#038;ssl=1\" srcset=\"https:\/\/i0.wp.com\/exilarte.org\/wp-content\/uploads\/2019\/07\/hofburg_gedenk18_12.jpg?w=720&amp;ssl=1 720w, https:\/\/i0.wp.com\/exilarte.org\/wp-content\/uploads\/2019\/07\/hofburg_gedenk18_12.jpg?resize=300%2C200&amp;ssl=1 300w, https:\/\/i0.wp.com\/exilarte.org\/wp-content\/uploads\/2019\/07\/hofburg_gedenk18_12.jpg?resize=600%2C400&amp;ssl=1 600w\" sizes=\"(max-width: 720px) 100vw, 720px\" data-recalc-dims=\"1\" \/><figcaption class=\"wp-block-jetpack-slideshow_caption gallery-caption\">12 Nationalratspr\u00e4sident Wolfgang Sobotka, Bundesratspr\u00e4sident Reinhard Todt<\/figcaption><\/figure><\/li><li class=\"wp-block-jetpack-slideshow_slide swiper-slide\"><figure><img loading=\"lazy\" width=\"720\" height=\"480\" alt=\"\" class=\"wp-block-jetpack-slideshow_image wp-image-879\" data-id=\"878\" src=\"https:\/\/i0.wp.com\/exilarte.org\/wp-content\/uploads\/2019\/07\/hofburg_gedenk18_13.jpg?resize=720%2C480&#038;ssl=1\" srcset=\"https:\/\/i0.wp.com\/exilarte.org\/wp-content\/uploads\/2019\/07\/hofburg_gedenk18_13.jpg?w=720&amp;ssl=1 720w, https:\/\/i0.wp.com\/exilarte.org\/wp-content\/uploads\/2019\/07\/hofburg_gedenk18_13.jpg?resize=300%2C200&amp;ssl=1 300w, https:\/\/i0.wp.com\/exilarte.org\/wp-content\/uploads\/2019\/07\/hofburg_gedenk18_13.jpg?resize=600%2C400&amp;ssl=1 600w\" sizes=\"(max-width: 720px) 100vw, 720px\" data-recalc-dims=\"1\" \/><figcaption class=\"wp-block-jetpack-slideshow_caption gallery-caption\">13 Nationalratspr\u00e4sident Wolfgang Sobotka, Komponist und Zeitzeuge Walter Arlen<\/figcaption><\/figure><\/li><li class=\"wp-block-jetpack-slideshow_slide swiper-slide\"><figure><img loading=\"lazy\" width=\"652\" height=\"720\" alt=\"\" class=\"wp-block-jetpack-slideshow_image wp-image-877\" data-id=\"876\" src=\"https:\/\/i0.wp.com\/exilarte.org\/wp-content\/uploads\/2019\/07\/hofburg_gedenk18_14.jpg?resize=652%2C720&#038;ssl=1\" srcset=\"https:\/\/i0.wp.com\/exilarte.org\/wp-content\/uploads\/2019\/07\/hofburg_gedenk18_14.jpg?w=652&amp;ssl=1 652w, https:\/\/i0.wp.com\/exilarte.org\/wp-content\/uploads\/2019\/07\/hofburg_gedenk18_14.jpg?resize=272%2C300&amp;ssl=1 272w\" sizes=\"(max-width: 652px) 100vw, 652px\" data-recalc-dims=\"1\" \/><figcaption class=\"wp-block-jetpack-slideshow_caption gallery-caption\">14 Rafal Mokrzycki (Klavier), Helene Franziska Feldbauer (Mezzosopran), Rektorin der mdw Ulrike Sych, Ieva Pranskute (Violine), Giuseppe Rizzo <\/figcaption><\/figure><\/li><li class=\"wp-block-jetpack-slideshow_slide swiper-slide\"><figure><img loading=\"lazy\" width=\"720\" height=\"480\" alt=\"\" class=\"wp-block-jetpack-slideshow_image wp-image-875\" data-id=\"874\" src=\"https:\/\/i0.wp.com\/exilarte.org\/wp-content\/uploads\/2019\/07\/hofburg_gedenk18_15.jpg?resize=720%2C480&#038;ssl=1\" srcset=\"https:\/\/i0.wp.com\/exilarte.org\/wp-content\/uploads\/2019\/07\/hofburg_gedenk18_15.jpg?w=720&amp;ssl=1 720w, https:\/\/i0.wp.com\/exilarte.org\/wp-content\/uploads\/2019\/07\/hofburg_gedenk18_15.jpg?resize=300%2C200&amp;ssl=1 300w, https:\/\/i0.wp.com\/exilarte.org\/wp-content\/uploads\/2019\/07\/hofburg_gedenk18_15.jpg?resize=600%2C400&amp;ssl=1 600w\" sizes=\"(max-width: 720px) 100vw, 720px\" data-recalc-dims=\"1\" \/><figcaption class=\"wp-block-jetpack-slideshow_caption gallery-caption\">15 Rafal Mokrzycki, Klavier<\/figcaption><\/figure><\/li><li class=\"wp-block-jetpack-slideshow_slide swiper-slide\"><figure><img loading=\"lazy\" width=\"480\" height=\"720\" alt=\"\" class=\"wp-block-jetpack-slideshow_image wp-image-873\" data-id=\"872\" src=\"https:\/\/i0.wp.com\/exilarte.org\/wp-content\/uploads\/2019\/07\/hofburg_gedenk18_16.jpg?resize=480%2C720&#038;ssl=1\" srcset=\"https:\/\/i0.wp.com\/exilarte.org\/wp-content\/uploads\/2019\/07\/hofburg_gedenk18_16.jpg?w=480&amp;ssl=1 480w, https:\/\/i0.wp.com\/exilarte.org\/wp-content\/uploads\/2019\/07\/hofburg_gedenk18_16.jpg?resize=200%2C300&amp;ssl=1 200w\" sizes=\"(max-width: 480px) 100vw, 480px\" data-recalc-dims=\"1\" \/><figcaption class=\"wp-block-jetpack-slideshow_caption gallery-caption\">16 Rede von Michael K\u00f6hlmeier<\/figcaption><\/figure><\/li><li class=\"wp-block-jetpack-slideshow_slide swiper-slide\"><figure><img loading=\"lazy\" width=\"720\" height=\"480\" alt=\"\" class=\"wp-block-jetpack-slideshow_image wp-image-871\" data-id=\"870\" src=\"https:\/\/i0.wp.com\/exilarte.org\/wp-content\/uploads\/2019\/07\/hofburg_gedenk18_17.jpg?resize=720%2C480&#038;ssl=1\" srcset=\"https:\/\/i0.wp.com\/exilarte.org\/wp-content\/uploads\/2019\/07\/hofburg_gedenk18_17.jpg?w=720&amp;ssl=1 720w, https:\/\/i0.wp.com\/exilarte.org\/wp-content\/uploads\/2019\/07\/hofburg_gedenk18_17.jpg?resize=300%2C200&amp;ssl=1 300w, https:\/\/i0.wp.com\/exilarte.org\/wp-content\/uploads\/2019\/07\/hofburg_gedenk18_17.jpg?resize=600%2C400&amp;ssl=1 600w\" sizes=\"(max-width: 720px) 100vw, 720px\" data-recalc-dims=\"1\" \/><figcaption class=\"wp-block-jetpack-slideshow_caption gallery-caption\">17 Selini Quartett<\/figcaption><\/figure><\/li><li class=\"wp-block-jetpack-slideshow_slide swiper-slide\"><figure><img loading=\"lazy\" width=\"720\" height=\"480\" alt=\"\" class=\"wp-block-jetpack-slideshow_image wp-image-869\" data-id=\"868\" src=\"https:\/\/i0.wp.com\/exilarte.org\/wp-content\/uploads\/2019\/07\/hofburg_gedenk18_18.jpg?resize=720%2C480&#038;ssl=1\" srcset=\"https:\/\/i0.wp.com\/exilarte.org\/wp-content\/uploads\/2019\/07\/hofburg_gedenk18_18.jpg?w=720&amp;ssl=1 720w, https:\/\/i0.wp.com\/exilarte.org\/wp-content\/uploads\/2019\/07\/hofburg_gedenk18_18.jpg?resize=300%2C200&amp;ssl=1 300w, https:\/\/i0.wp.com\/exilarte.org\/wp-content\/uploads\/2019\/07\/hofburg_gedenk18_18.jpg?resize=600%2C400&amp;ssl=1 600w\" sizes=\"(max-width: 720px) 100vw, 720px\" data-recalc-dims=\"1\" \/><figcaption class=\"wp-block-jetpack-slideshow_caption gallery-caption\">18 VeranstaltungsteilnehmerInnen<\/figcaption><\/figure><\/li><\/ul><a class=\"wp-block-jetpack-slideshow_button-prev swiper-button-prev swiper-button-white\" role=\"button\"><\/a><a class=\"wp-block-jetpack-slideshow_button-next swiper-button-next swiper-button-white\" role=\"button\"><\/a><a aria-label=\"Pause Slideshow\" class=\"wp-block-jetpack-slideshow_button-pause\" role=\"button\"><\/a><div class=\"wp-block-jetpack-slideshow_pagination swiper-pagination swiper-pagination-white\"><\/div><\/div><\/div>\n\n\n\n<p>Fotos von: \u00a9 Parlamentsdirektion \/ Thomas Topf und \u00a9 Parlamentsdirektion \/ Johannes Zinner<\/p>\n","protected":false},"excerpt":{"rendered":"<p>Diese Gedenkveranstaltung fand im Zeremoniensaal der Hofburg in Wien statt. Egon Wellesz, Streichquartett Nr. 4, III. Sehr langsam,&nbsp;Walter Arlen, \u201eEs geht wohl anders\u201c f\u00fcr Gesang und Klavier, Sonett f\u00fcr Violine und Klavier, Humoreske f\u00fcr Piano solo&nbsp;Mitwirkende: Ensemble der Universit\u00e4t f\u00fcr Musik und darstellende Kunst Wien; Selini Quartett: Liubov Kalmykova (Violine), Nadia Kalmykova (Violine), Loredana Apetrei<a class=\"excerpt-read-more\" href=\"https:\/\/exilarte.org\/en\/commemorative-event-against-violence-and-racism-in-memory-of-the-victims-of-national-socialism\" title=\"ReadCommemorative event against violence and racism in memory of the victims of National Socialism | May 4, 2018\">&#8230; Read more &raquo;<\/a><\/p>\n","protected":false},"author":2,"featured_media":887,"comment_status":"closed","ping_status":"closed","sticky":false,"template":"","format":"standard","meta":[],"categories":[23,21,4],"tags":[],"yoast_head":"<!-- This site is optimized with the Yoast SEO plugin v18.3 - https:\/\/yoast.com\/wordpress\/plugins\/seo\/ -->\n<title>Commemorative event against violence and racism in memory of the victims of National Socialism | May 4, 2018 - Exilarte<\/title>\n<meta name=\"robots\" content=\"index, follow, max-snippet:-1, max-image-preview:large, max-video-preview:-1\" \/>\n<link rel=\"canonical\" href=\"https:\/\/exilarte.org\/en\/commemorative-event-against-violence-and-racism-in-memory-of-the-victims-of-national-socialism\" \/>\n<meta property=\"og:locale\" content=\"en_US\" \/>\n<meta property=\"og:type\" content=\"article\" \/>\n<meta property=\"og:title\" content=\"Commemorative event against violence and racism in memory of the victims of National Socialism | May 4, 2018 - Exilarte\" \/>\n<meta property=\"og:description\" content=\"Diese Gedenkveranstaltung fand im Zeremoniensaal der Hofburg in Wien statt. Egon Wellesz, Streichquartett Nr. 4, III. Sehr langsam,&nbsp;Walter Arlen, \u201eEs geht wohl anders\u201c f\u00fcr Gesang und Klavier, Sonett f\u00fcr Violine und Klavier, Humoreske f\u00fcr Piano solo&nbsp;Mitwirkende: Ensemble der Universit\u00e4t f\u00fcr Musik und darstellende Kunst Wien; Selini Quartett: Liubov Kalmykova (Violine), Nadia Kalmykova (Violine), Loredana Apetrei... Read more &raquo;\" \/>\n<meta property=\"og:url\" content=\"https:\/\/exilarte.org\/en\/commemorative-event-against-violence-and-racism-in-memory-of-the-victims-of-national-socialism\" \/>\n<meta property=\"og:site_name\" content=\"Exilarte\" \/>\n<meta property=\"article:published_time\" content=\"2018-06-05T08:29:32+00:00\" \/>\n<meta property=\"article:modified_time\" content=\"2022-03-01T14:34:01+00:00\" \/>\n<meta property=\"og:image\" content=\"https:\/\/exilarte.org\/wp-content\/uploads\/2019\/07\/hofburg_gedenk18_09.jpg\" \/>\n\t<meta property=\"og:image:width\" content=\"720\" \/>\n\t<meta property=\"og:image:height\" content=\"480\" \/>\n\t<meta property=\"og:image:type\" content=\"image\/jpeg\" \/>\n<meta name=\"twitter:card\" content=\"summary_large_image\" \/>\n<meta name=\"twitter:label1\" content=\"Written by\" \/>\n\t<meta name=\"twitter:data1\" content=\"Florian Hammer\" \/>\n\t<meta name=\"twitter:label2\" content=\"Est. reading time\" \/>\n\t<meta name=\"twitter:data2\" content=\"5 minutes\" \/>\n<script type=\"application\/ld+json\" class=\"yoast-schema-graph\">{\"@context\":\"https:\/\/schema.org\",\"@graph\":[{\"@type\":\"Organization\",\"@id\":\"https:\/\/exilarte.org\/en#organization\",\"name\":\"Exilarte - Zentrum f\u00fcr verfolgte Musik\",\"url\":\"https:\/\/exilarte.org\/en\",\"sameAs\":[],\"logo\":{\"@type\":\"ImageObject\",\"@id\":\"https:\/\/exilarte.org\/en#logo\",\"inLanguage\":\"en-US\",\"url\":\"https:\/\/i1.wp.com\/exilarte.org\/wp-content\/uploads\/2021\/03\/exilarte_logo_2021_de.png?fit=574%2C574&ssl=1\",\"contentUrl\":\"https:\/\/i1.wp.com\/exilarte.org\/wp-content\/uploads\/2021\/03\/exilarte_logo_2021_de.png?fit=574%2C574&ssl=1\",\"width\":574,\"height\":574,\"caption\":\"Exilarte - Zentrum f\u00fcr verfolgte Musik\"},\"image\":{\"@id\":\"https:\/\/exilarte.org\/en#logo\"}},{\"@type\":\"WebSite\",\"@id\":\"https:\/\/exilarte.org\/en#website\",\"url\":\"https:\/\/exilarte.org\/en\",\"name\":\"Exilarte\",\"description\":\"Zentrum f\u00fcr verfolgte Musik\",\"publisher\":{\"@id\":\"https:\/\/exilarte.org\/en#organization\"},\"potentialAction\":[{\"@type\":\"SearchAction\",\"target\":{\"@type\":\"EntryPoint\",\"urlTemplate\":\"https:\/\/exilarte.org\/en?s={search_term_string}\"},\"query-input\":\"required name=search_term_string\"}],\"inLanguage\":\"en-US\"},{\"@type\":\"ImageObject\",\"@id\":\"https:\/\/exilarte.org\/en\/commemorative-event-against-violence-and-racism-in-memory-of-the-victims-of-national-socialism#primaryimage\",\"inLanguage\":\"en-US\",\"url\":\"https:\/\/i0.wp.com\/exilarte.org\/wp-content\/uploads\/2019\/07\/hofburg_gedenk18_09.jpg?fit=720%2C480&ssl=1\",\"contentUrl\":\"https:\/\/i0.wp.com\/exilarte.org\/wp-content\/uploads\/2019\/07\/hofburg_gedenk18_09.jpg?fit=720%2C480&ssl=1\",\"width\":720,\"height\":480,\"caption\":\"9 Ieva Pranskute, Violine\"},{\"@type\":\"WebPage\",\"@id\":\"https:\/\/exilarte.org\/en\/commemorative-event-against-violence-and-racism-in-memory-of-the-victims-of-national-socialism#webpage\",\"url\":\"https:\/\/exilarte.org\/en\/commemorative-event-against-violence-and-racism-in-memory-of-the-victims-of-national-socialism\",\"name\":\"Commemorative event against violence and racism in memory of the victims of National Socialism | May 4, 2018 - Exilarte\",\"isPartOf\":{\"@id\":\"https:\/\/exilarte.org\/en#website\"},\"primaryImageOfPage\":{\"@id\":\"https:\/\/exilarte.org\/en\/commemorative-event-against-violence-and-racism-in-memory-of-the-victims-of-national-socialism#primaryimage\"},\"datePublished\":\"2018-06-05T08:29:32+00:00\",\"dateModified\":\"2022-03-01T14:34:01+00:00\",\"breadcrumb\":{\"@id\":\"https:\/\/exilarte.org\/en\/commemorative-event-against-violence-and-racism-in-memory-of-the-victims-of-national-socialism#breadcrumb\"},\"inLanguage\":\"en-US\",\"potentialAction\":[{\"@type\":\"ReadAction\",\"target\":[\"https:\/\/exilarte.org\/en\/commemorative-event-against-violence-and-racism-in-memory-of-the-victims-of-national-socialism\"]}]},{\"@type\":\"BreadcrumbList\",\"@id\":\"https:\/\/exilarte.org\/en\/commemorative-event-against-violence-and-racism-in-memory-of-the-victims-of-national-socialism#breadcrumb\",\"itemListElement\":[{\"@type\":\"ListItem\",\"position\":1,\"name\":\"Startseite\",\"item\":\"https:\/\/exilarte.org\/en\"},{\"@type\":\"ListItem\",\"position\":2,\"name\":\"Commemorative event against violence and racism in memory of the victims of National Socialism | May 4, 2018\"}]},{\"@type\":\"Article\",\"@id\":\"https:\/\/exilarte.org\/en\/commemorative-event-against-violence-and-racism-in-memory-of-the-victims-of-national-socialism#article\",\"isPartOf\":{\"@id\":\"https:\/\/exilarte.org\/en\/commemorative-event-against-violence-and-racism-in-memory-of-the-victims-of-national-socialism#webpage\"},\"author\":{\"@id\":\"https:\/\/exilarte.org\/en#\/schema\/person\/3a00afbff9d45e52ba58e264816e1129\"},\"headline\":\"Commemorative event against violence and racism in memory of the victims of National Socialism | May 4, 2018\",\"datePublished\":\"2018-06-05T08:29:32+00:00\",\"dateModified\":\"2022-03-01T14:34:01+00:00\",\"mainEntityOfPage\":{\"@id\":\"https:\/\/exilarte.org\/en\/commemorative-event-against-violence-and-racism-in-memory-of-the-victims-of-national-socialism#webpage\"},\"wordCount\":237,\"publisher\":{\"@id\":\"https:\/\/exilarte.org\/en#organization\"},\"image\":{\"@id\":\"https:\/\/exilarte.org\/en\/commemorative-event-against-violence-and-racism-in-memory-of-the-victims-of-national-socialism#primaryimage\"},\"thumbnailUrl\":\"https:\/\/i0.wp.com\/exilarte.org\/wp-content\/uploads\/2019\/07\/hofburg_gedenk18_09.jpg?fit=720%2C480&ssl=1\",\"articleSection\":[\"Featured\",\"Partnerships with Exilarte\",\"posts-en\"],\"inLanguage\":\"en-US\"},{\"@type\":\"Person\",\"@id\":\"https:\/\/exilarte.org\/en#\/schema\/person\/3a00afbff9d45e52ba58e264816e1129\",\"name\":\"Florian Hammer\",\"image\":{\"@type\":\"ImageObject\",\"@id\":\"https:\/\/exilarte.org\/en#personlogo\",\"inLanguage\":\"en-US\",\"url\":\"https:\/\/secure.gravatar.com\/avatar\/0a930de32057fc96018d385faf075411?s=96&d=mm&r=g\",\"contentUrl\":\"https:\/\/secure.gravatar.com\/avatar\/0a930de32057fc96018d385faf075411?s=96&d=mm&r=g\",\"caption\":\"Florian Hammer\"},\"url\":\"https:\/\/exilarte.org\/en\/author\/florian\"}]}<\/script>\n<!-- \/ Yoast SEO plugin. -->","yoast_head_json":{"title":"Commemorative event against violence and racism in memory of the victims of National Socialism | May 4, 2018 - Exilarte","robots":{"index":"index","follow":"follow","max-snippet":"max-snippet:-1","max-image-preview":"max-image-preview:large","max-video-preview":"max-video-preview:-1"},"canonical":"https:\/\/exilarte.org\/en\/commemorative-event-against-violence-and-racism-in-memory-of-the-victims-of-national-socialism","og_locale":"en_US","og_type":"article","og_title":"Commemorative event against violence and racism in memory of the victims of National Socialism | May 4, 2018 - Exilarte","og_description":"Diese Gedenkveranstaltung fand im Zeremoniensaal der Hofburg in Wien statt. Egon Wellesz, Streichquartett Nr. 4, III. Sehr langsam,&nbsp;Walter Arlen, \u201eEs geht wohl anders\u201c f\u00fcr Gesang und Klavier, Sonett f\u00fcr Violine und Klavier, Humoreske f\u00fcr Piano solo&nbsp;Mitwirkende: Ensemble der Universit\u00e4t f\u00fcr Musik und darstellende Kunst Wien; Selini Quartett: Liubov Kalmykova (Violine), Nadia Kalmykova (Violine), Loredana Apetrei... Read more &raquo;","og_url":"https:\/\/exilarte.org\/en\/commemorative-event-against-violence-and-racism-in-memory-of-the-victims-of-national-socialism","og_site_name":"Exilarte","article_published_time":"2018-06-05T08:29:32+00:00","article_modified_time":"2022-03-01T14:34:01+00:00","og_image":[{"width":720,"height":480,"url":"https:\/\/exilarte.org\/wp-content\/uploads\/2019\/07\/hofburg_gedenk18_09.jpg","type":"image\/jpeg"}],"twitter_card":"summary_large_image","twitter_misc":{"Written by":"Florian Hammer","Est. reading time":"5 minutes"},"schema":{"@context":"https:\/\/schema.org","@graph":[{"@type":"Organization","@id":"https:\/\/exilarte.org\/en#organization","name":"Exilarte - Zentrum f\u00fcr verfolgte Musik","url":"https:\/\/exilarte.org\/en","sameAs":[],"logo":{"@type":"ImageObject","@id":"https:\/\/exilarte.org\/en#logo","inLanguage":"en-US","url":"https:\/\/i1.wp.com\/exilarte.org\/wp-content\/uploads\/2021\/03\/exilarte_logo_2021_de.png?fit=574%2C574&ssl=1","contentUrl":"https:\/\/i1.wp.com\/exilarte.org\/wp-content\/uploads\/2021\/03\/exilarte_logo_2021_de.png?fit=574%2C574&ssl=1","width":574,"height":574,"caption":"Exilarte - Zentrum f\u00fcr verfolgte Musik"},"image":{"@id":"https:\/\/exilarte.org\/en#logo"}},{"@type":"WebSite","@id":"https:\/\/exilarte.org\/en#website","url":"https:\/\/exilarte.org\/en","name":"Exilarte","description":"Zentrum f\u00fcr verfolgte Musik","publisher":{"@id":"https:\/\/exilarte.org\/en#organization"},"potentialAction":[{"@type":"SearchAction","target":{"@type":"EntryPoint","urlTemplate":"https:\/\/exilarte.org\/en?s={search_term_string}"},"query-input":"required name=search_term_string"}],"inLanguage":"en-US"},{"@type":"ImageObject","@id":"https:\/\/exilarte.org\/en\/commemorative-event-against-violence-and-racism-in-memory-of-the-victims-of-national-socialism#primaryimage","inLanguage":"en-US","url":"https:\/\/i0.wp.com\/exilarte.org\/wp-content\/uploads\/2019\/07\/hofburg_gedenk18_09.jpg?fit=720%2C480&ssl=1","contentUrl":"https:\/\/i0.wp.com\/exilarte.org\/wp-content\/uploads\/2019\/07\/hofburg_gedenk18_09.jpg?fit=720%2C480&ssl=1","width":720,"height":480,"caption":"9 Ieva Pranskute, Violine"},{"@type":"WebPage","@id":"https:\/\/exilarte.org\/en\/commemorative-event-against-violence-and-racism-in-memory-of-the-victims-of-national-socialism#webpage","url":"https:\/\/exilarte.org\/en\/commemorative-event-against-violence-and-racism-in-memory-of-the-victims-of-national-socialism","name":"Commemorative event against violence and racism in memory of the victims of National Socialism | May 4, 2018 - Exilarte","isPartOf":{"@id":"https:\/\/exilarte.org\/en#website"},"primaryImageOfPage":{"@id":"https:\/\/exilarte.org\/en\/commemorative-event-against-violence-and-racism-in-memory-of-the-victims-of-national-socialism#primaryimage"},"datePublished":"2018-06-05T08:29:32+00:00","dateModified":"2022-03-01T14:34:01+00:00","breadcrumb":{"@id":"https:\/\/exilarte.org\/en\/commemorative-event-against-violence-and-racism-in-memory-of-the-victims-of-national-socialism#breadcrumb"},"inLanguage":"en-US","potentialAction":[{"@type":"ReadAction","target":["https:\/\/exilarte.org\/en\/commemorative-event-against-violence-and-racism-in-memory-of-the-victims-of-national-socialism"]}]},{"@type":"BreadcrumbList","@id":"https:\/\/exilarte.org\/en\/commemorative-event-against-violence-and-racism-in-memory-of-the-victims-of-national-socialism#breadcrumb","itemListElement":[{"@type":"ListItem","position":1,"name":"Startseite","item":"https:\/\/exilarte.org\/en"},{"@type":"ListItem","position":2,"name":"Commemorative event against violence and racism in memory of the victims of National Socialism | May 4, 2018"}]},{"@type":"Article","@id":"https:\/\/exilarte.org\/en\/commemorative-event-against-violence-and-racism-in-memory-of-the-victims-of-national-socialism#article","isPartOf":{"@id":"https:\/\/exilarte.org\/en\/commemorative-event-against-violence-and-racism-in-memory-of-the-victims-of-national-socialism#webpage"},"author":{"@id":"https:\/\/exilarte.org\/en#\/schema\/person\/3a00afbff9d45e52ba58e264816e1129"},"headline":"Commemorative event against violence and racism in memory of the victims of National Socialism | May 4, 2018","datePublished":"2018-06-05T08:29:32+00:00","dateModified":"2022-03-01T14:34:01+00:00","mainEntityOfPage":{"@id":"https:\/\/exilarte.org\/en\/commemorative-event-against-violence-and-racism-in-memory-of-the-victims-of-national-socialism#webpage"},"wordCount":237,"publisher":{"@id":"https:\/\/exilarte.org\/en#organization"},"image":{"@id":"https:\/\/exilarte.org\/en\/commemorative-event-against-violence-and-racism-in-memory-of-the-victims-of-national-socialism#primaryimage"},"thumbnailUrl":"https:\/\/i0.wp.com\/exilarte.org\/wp-content\/uploads\/2019\/07\/hofburg_gedenk18_09.jpg?fit=720%2C480&ssl=1","articleSection":["Featured","Partnerships with Exilarte","posts-en"],"inLanguage":"en-US"},{"@type":"Person","@id":"https:\/\/exilarte.org\/en#\/schema\/person\/3a00afbff9d45e52ba58e264816e1129","name":"Florian Hammer","image":{"@type":"ImageObject","@id":"https:\/\/exilarte.org\/en#personlogo","inLanguage":"en-US","url":"https:\/\/secure.gravatar.com\/avatar\/0a930de32057fc96018d385faf075411?s=96&d=mm&r=g","contentUrl":"https:\/\/secure.gravatar.com\/avatar\/0a930de32057fc96018d385faf075411?s=96&d=mm&r=g","caption":"Florian Hammer"},"url":"https:\/\/exilarte.org\/en\/author\/florian"}]}},"featured_image_src":"https:\/\/i0.wp.com\/exilarte.org\/wp-content\/uploads\/2019\/07\/hofburg_gedenk18_09.jpg?resize=600%2C400&ssl=1","featured_image_src_square":"https:\/\/i0.wp.com\/exilarte.org\/wp-content\/uploads\/2019\/07\/hofburg_gedenk18_09.jpg?resize=600%2C480&ssl=1","author_info":{"display_name":"Florian Hammer","author_link":"https:\/\/exilarte.org\/en\/author\/florian"},"jetpack_featured_media_url":"https:\/\/i0.wp.com\/exilarte.org\/wp-content\/uploads\/2019\/07\/hofburg_gedenk18_09.jpg?fit=720%2C480&ssl=1","_links":{"self":[{"href":"https:\/\/exilarte.org\/en\/wp-json\/wp\/v2\/posts\/1224"}],"collection":[{"href":"https:\/\/exilarte.org\/en\/wp-json\/wp\/v2\/posts"}],"about":[{"href":"https:\/\/exilarte.org\/en\/wp-json\/wp\/v2\/types\/post"}],"author":[{"embeddable":true,"href":"https:\/\/exilarte.org\/en\/wp-json\/wp\/v2\/users\/2"}],"replies":[{"embeddable":true,"href":"https:\/\/exilarte.org\/en\/wp-json\/wp\/v2\/comments?post=1224"}],"version-history":[{"count":2,"href":"https:\/\/exilarte.org\/en\/wp-json\/wp\/v2\/posts\/1224\/revisions"}],"predecessor-version":[{"id":6414,"href":"https:\/\/exilarte.org\/en\/wp-json\/wp\/v2\/posts\/1224\/revisions\/6414"}],"wp:featuredmedia":[{"embeddable":true,"href":"https:\/\/exilarte.org\/en\/wp-json\/wp\/v2\/media\/887"}],"wp:attachment":[{"href":"https:\/\/exilarte.org\/en\/wp-json\/wp\/v2\/media?parent=1224"}],"wp:term":[{"taxonomy":"category","embeddable":true,"href":"https:\/\/exilarte.org\/en\/wp-json\/wp\/v2\/categories?post=1224"},{"taxonomy":"post_tag","embeddable":true,"href":"https:\/\/exilarte.org\/en\/wp-json\/wp\/v2\/tags?post=1224"}],"curies":[{"name":"wp","href":"https:\/\/api.w.org\/{rel}","templated":true}]}}