{"id":5531,"date":"2021-07-28T10:14:29","date_gmt":"2021-07-28T10:14:29","guid":{"rendered":"https:\/\/exilarte.org\/?p=5531"},"modified":"2022-03-01T15:24:37","modified_gmt":"2022-03-01T14:24:37","slug":"exilarte-concert-at-the-international-summer-academy-of-the-mdw-university-of-music-and-performing-arts-vienna-held-in-the-rax-and-semmering-region-austria","status":"publish","type":"post","link":"https:\/\/exilarte.org\/en\/exilarte-concert-at-the-international-summer-academy-of-the-mdw-university-of-music-and-performing-arts-vienna-held-in-the-rax-and-semmering-region-austria","title":{"rendered":"Exilarte Concert at the International Summer Academy of the mdw held in the Rax and Semmering region, Austria | August 16, 2021"},"content":{"rendered":"\n<div style=\"height:51px\" aria-hidden=\"true\" class=\"wp-block-spacer\"><\/div>\n\n\n\n<p>This year\u2019s <strong>first concert <\/strong>of the International Summer Academy of the mdw is dedicated to composers who were expelled by the Nazi regime. Under the title <strong><em>\u201cExilarte \u2013 bringing back persecuted and exiled Music\u201d<\/em><\/strong>, works by Erich Zeisl, Wilhelm Grosz, Hans G\u00e1l, Ruth Sch\u00f6nthal, Fritz Kreisler and Julius B\u00fcrger will be performed on Monday, August 16 at 8 p.m. at the Literatursalon Schloss Wartholz.<br><br>Johannes Fleischmann (violin), Josipa Bainac (soprano), Ulrike Anton (flute), David Hausknecht (piano), Sabina Hasanova (piano) and the Selini Quartet are the performers of this lost and forgotten repertoire.<br><br>Arabella Fenyves (Radio Klassik Stephansdom) and Gerold Gruber (Chairman of the Exilarte Center at the mdw) will moderate the evening.<br><br>Monday, August 16, 2021, 8 PM (CET)<br>Literatursalon Schloss Wartholz<br>Hauptstra\u00dfe 113<br>A-2651 Reichenau an der Rax<br>Austria<\/p>\n\n\n\n<p>For ticket sales and further information, please click <a href=\"https:\/\/www.isa-music.org\/event\/exilarte-persecuted-and-expelled-music-reclaimed\/\" target=\"_blank\" rel=\"noreferrer noopener\"><strong>here<\/strong><\/a>.<\/p>\n\n\n\n<p>This concert will be livestreamed on YouTube: <\/p>\n\n\n\n<figure class=\"wp-block-embed is-type-video is-provider-youtube wp-block-embed-youtube wp-embed-aspect-16-9 wp-has-aspect-ratio\"><div class=\"wp-block-embed__wrapper\">\n<iframe loading=\"lazy\" title=\"Exilarte \u2013 Verfolgte und vertriebene Musik zur\u00fcckgeholt\" width=\"1200\" height=\"675\" src=\"https:\/\/www.youtube.com\/embed\/myteiI0RxN8?feature=oembed\" frameborder=\"0\" allow=\"accelerometer; autoplay; clipboard-write; encrypted-media; gyroscope; picture-in-picture\" allowfullscreen><\/iframe>\n<\/div><\/figure>\n","protected":false},"excerpt":{"rendered":"<p>This year\u2019s first concert of the International Summer Academy of the mdw is dedicated to composers who were expelled by the Nazi regime. Under the title \u201cExilarte \u2013 bringing back persecuted and exiled Music\u201d, works by Erich Zeisl, Wilhelm Grosz, Hans G\u00e1l, Ruth Sch\u00f6nthal, Fritz Kreisler and Julius B\u00fcrger will be performed on Monday, August<a class=\"excerpt-read-more\" href=\"https:\/\/exilarte.org\/en\/exilarte-concert-at-the-international-summer-academy-of-the-mdw-university-of-music-and-performing-arts-vienna-held-in-the-rax-and-semmering-region-austria\" title=\"ReadExilarte Concert at the International Summer Academy of the mdw held in the Rax and Semmering region, Austria | August 16, 2021\">&#8230; Read more &raquo;<\/a><\/p>\n","protected":false},"author":3,"featured_media":5062,"comment_status":"closed","ping_status":"closed","sticky":false,"template":"","format":"standard","meta":[],"categories":[21],"tags":[],"yoast_head":"<!-- This site is optimized with the Yoast SEO plugin v18.3 - https:\/\/yoast.com\/wordpress\/plugins\/seo\/ -->\n<title>Exilarte Concert at the International Summer Academy of the mdw held in the Rax and Semmering region, Austria | August 16, 2021 - Exilarte<\/title>\n<meta name=\"robots\" content=\"index, follow, max-snippet:-1, max-image-preview:large, max-video-preview:-1\" \/>\n<link rel=\"canonical\" href=\"https:\/\/exilarte.org\/en\/exilarte-concert-at-the-international-summer-academy-of-the-mdw-university-of-music-and-performing-arts-vienna-held-in-the-rax-and-semmering-region-austria\" \/>\n<meta property=\"og:locale\" content=\"en_US\" \/>\n<meta property=\"og:type\" content=\"article\" \/>\n<meta property=\"og:title\" content=\"Exilarte Concert at the International Summer Academy of the mdw held in the Rax and Semmering region, Austria | August 16, 2021 - Exilarte\" \/>\n<meta property=\"og:description\" content=\"This year\u2019s first concert of the International Summer Academy of the mdw is dedicated to composers who were expelled by the Nazi regime. Under the title \u201cExilarte \u2013 bringing back persecuted and exiled Music\u201d, works by Erich Zeisl, Wilhelm Grosz, Hans G\u00e1l, Ruth Sch\u00f6nthal, Fritz Kreisler and Julius B\u00fcrger will be performed on Monday, August... Read more &raquo;\" \/>\n<meta property=\"og:url\" content=\"https:\/\/exilarte.org\/en\/exilarte-concert-at-the-international-summer-academy-of-the-mdw-university-of-music-and-performing-arts-vienna-held-in-the-rax-and-semmering-region-austria\" \/>\n<meta property=\"og:site_name\" content=\"Exilarte\" \/>\n<meta property=\"article:published_time\" content=\"2021-07-28T10:14:29+00:00\" \/>\n<meta property=\"article:modified_time\" content=\"2022-03-01T14:24:37+00:00\" \/>\n<meta property=\"og:image\" content=\"https:\/\/exilarte.org\/wp-content\/uploads\/2021\/06\/isa21_hp1200x800_orig.jpg\" \/>\n\t<meta property=\"og:image:width\" content=\"1200\" \/>\n\t<meta property=\"og:image:height\" content=\"800\" \/>\n\t<meta property=\"og:image:type\" content=\"image\/jpeg\" \/>\n<meta name=\"twitter:card\" content=\"summary_large_image\" \/>\n<meta name=\"twitter:label1\" content=\"Written by\" \/>\n\t<meta name=\"twitter:data1\" content=\"Stephanie Jacobson\" \/>\n\t<meta name=\"twitter:label2\" content=\"Est. reading time\" \/>\n\t<meta name=\"twitter:data2\" content=\"1 minute\" \/>\n<script type=\"application\/ld+json\" class=\"yoast-schema-graph\">{\"@context\":\"https:\/\/schema.org\",\"@graph\":[{\"@type\":\"Organization\",\"@id\":\"https:\/\/exilarte.org\/en#organization\",\"name\":\"Exilarte - Zentrum f\u00fcr verfolgte Musik\",\"url\":\"https:\/\/exilarte.org\/en\",\"sameAs\":[],\"logo\":{\"@type\":\"ImageObject\",\"@id\":\"https:\/\/exilarte.org\/en#logo\",\"inLanguage\":\"en-US\",\"url\":\"https:\/\/i1.wp.com\/exilarte.org\/wp-content\/uploads\/2021\/03\/exilarte_logo_2021_de.png?fit=574%2C574&ssl=1\",\"contentUrl\":\"https:\/\/i1.wp.com\/exilarte.org\/wp-content\/uploads\/2021\/03\/exilarte_logo_2021_de.png?fit=574%2C574&ssl=1\",\"width\":574,\"height\":574,\"caption\":\"Exilarte - Zentrum f\u00fcr verfolgte Musik\"},\"image\":{\"@id\":\"https:\/\/exilarte.org\/en#logo\"}},{\"@type\":\"WebSite\",\"@id\":\"https:\/\/exilarte.org\/en#website\",\"url\":\"https:\/\/exilarte.org\/en\",\"name\":\"Exilarte\",\"description\":\"Zentrum f\u00fcr verfolgte Musik\",\"publisher\":{\"@id\":\"https:\/\/exilarte.org\/en#organization\"},\"potentialAction\":[{\"@type\":\"SearchAction\",\"target\":{\"@type\":\"EntryPoint\",\"urlTemplate\":\"https:\/\/exilarte.org\/en?s={search_term_string}\"},\"query-input\":\"required name=search_term_string\"}],\"inLanguage\":\"en-US\"},{\"@type\":\"ImageObject\",\"@id\":\"https:\/\/exilarte.org\/en\/exilarte-concert-at-the-international-summer-academy-of-the-mdw-university-of-music-and-performing-arts-vienna-held-in-the-rax-and-semmering-region-austria#primaryimage\",\"inLanguage\":\"en-US\",\"url\":\"https:\/\/i0.wp.com\/exilarte.org\/wp-content\/uploads\/2021\/06\/isa21_hp1200x800_orig.jpg?fit=1200%2C800&ssl=1\",\"contentUrl\":\"https:\/\/i0.wp.com\/exilarte.org\/wp-content\/uploads\/2021\/06\/isa21_hp1200x800_orig.jpg?fit=1200%2C800&ssl=1\",\"width\":1200,\"height\":800},{\"@type\":\"WebPage\",\"@id\":\"https:\/\/exilarte.org\/en\/exilarte-concert-at-the-international-summer-academy-of-the-mdw-university-of-music-and-performing-arts-vienna-held-in-the-rax-and-semmering-region-austria#webpage\",\"url\":\"https:\/\/exilarte.org\/en\/exilarte-concert-at-the-international-summer-academy-of-the-mdw-university-of-music-and-performing-arts-vienna-held-in-the-rax-and-semmering-region-austria\",\"name\":\"Exilarte Concert at the International Summer Academy of the mdw held in the Rax and Semmering region, Austria | August 16, 2021 - Exilarte\",\"isPartOf\":{\"@id\":\"https:\/\/exilarte.org\/en#website\"},\"primaryImageOfPage\":{\"@id\":\"https:\/\/exilarte.org\/en\/exilarte-concert-at-the-international-summer-academy-of-the-mdw-university-of-music-and-performing-arts-vienna-held-in-the-rax-and-semmering-region-austria#primaryimage\"},\"datePublished\":\"2021-07-28T10:14:29+00:00\",\"dateModified\":\"2022-03-01T14:24:37+00:00\",\"breadcrumb\":{\"@id\":\"https:\/\/exilarte.org\/en\/exilarte-concert-at-the-international-summer-academy-of-the-mdw-university-of-music-and-performing-arts-vienna-held-in-the-rax-and-semmering-region-austria#breadcrumb\"},\"inLanguage\":\"en-US\",\"potentialAction\":[{\"@type\":\"ReadAction\",\"target\":[\"https:\/\/exilarte.org\/en\/exilarte-concert-at-the-international-summer-academy-of-the-mdw-university-of-music-and-performing-arts-vienna-held-in-the-rax-and-semmering-region-austria\"]}]},{\"@type\":\"BreadcrumbList\",\"@id\":\"https:\/\/exilarte.org\/en\/exilarte-concert-at-the-international-summer-academy-of-the-mdw-university-of-music-and-performing-arts-vienna-held-in-the-rax-and-semmering-region-austria#breadcrumb\",\"itemListElement\":[{\"@type\":\"ListItem\",\"position\":1,\"name\":\"Startseite\",\"item\":\"https:\/\/exilarte.org\/en\"},{\"@type\":\"ListItem\",\"position\":2,\"name\":\"Exilarte Concert at the International Summer Academy of the mdw held in the Rax and Semmering region, Austria | August 16, 2021\"}]},{\"@type\":\"Article\",\"@id\":\"https:\/\/exilarte.org\/en\/exilarte-concert-at-the-international-summer-academy-of-the-mdw-university-of-music-and-performing-arts-vienna-held-in-the-rax-and-semmering-region-austria#article\",\"isPartOf\":{\"@id\":\"https:\/\/exilarte.org\/en\/exilarte-concert-at-the-international-summer-academy-of-the-mdw-university-of-music-and-performing-arts-vienna-held-in-the-rax-and-semmering-region-austria#webpage\"},\"author\":{\"@id\":\"https:\/\/exilarte.org\/en#\/schema\/person\/c4cd8980143e55963015d724d21695e7\"},\"headline\":\"Exilarte Concert at the International Summer Academy of the mdw held in the Rax and Semmering region, Austria | August 16, 2021\",\"datePublished\":\"2021-07-28T10:14:29+00:00\",\"dateModified\":\"2022-03-01T14:24:37+00:00\",\"mainEntityOfPage\":{\"@id\":\"https:\/\/exilarte.org\/en\/exilarte-concert-at-the-international-summer-academy-of-the-mdw-university-of-music-and-performing-arts-vienna-held-in-the-rax-and-semmering-region-austria#webpage\"},\"wordCount\":170,\"publisher\":{\"@id\":\"https:\/\/exilarte.org\/en#organization\"},\"image\":{\"@id\":\"https:\/\/exilarte.org\/en\/exilarte-concert-at-the-international-summer-academy-of-the-mdw-university-of-music-and-performing-arts-vienna-held-in-the-rax-and-semmering-region-austria#primaryimage\"},\"thumbnailUrl\":\"https:\/\/i0.wp.com\/exilarte.org\/wp-content\/uploads\/2021\/06\/isa21_hp1200x800_orig.jpg?fit=1200%2C800&ssl=1\",\"articleSection\":[\"Partnerships with Exilarte\"],\"inLanguage\":\"en-US\"},{\"@type\":\"Person\",\"@id\":\"https:\/\/exilarte.org\/en#\/schema\/person\/c4cd8980143e55963015d724d21695e7\",\"name\":\"Stephanie Jacobson\",\"image\":{\"@type\":\"ImageObject\",\"@id\":\"https:\/\/exilarte.org\/en#personlogo\",\"inLanguage\":\"en-US\",\"url\":\"https:\/\/secure.gravatar.com\/avatar\/a224daf4cf8889200620f3a7ec3dfdc5?s=96&d=mm&r=g\",\"contentUrl\":\"https:\/\/secure.gravatar.com\/avatar\/a224daf4cf8889200620f3a7ec3dfdc5?s=96&d=mm&r=g\",\"caption\":\"Stephanie Jacobson\"},\"url\":\"https:\/\/exilarte.org\/en\/author\/stephanie-jacobson\"}]}<\/script>\n<!-- \/ Yoast SEO plugin. -->","yoast_head_json":{"title":"Exilarte Concert at the International Summer Academy of the mdw held in the Rax and Semmering region, Austria | August 16, 2021 - Exilarte","robots":{"index":"index","follow":"follow","max-snippet":"max-snippet:-1","max-image-preview":"max-image-preview:large","max-video-preview":"max-video-preview:-1"},"canonical":"https:\/\/exilarte.org\/en\/exilarte-concert-at-the-international-summer-academy-of-the-mdw-university-of-music-and-performing-arts-vienna-held-in-the-rax-and-semmering-region-austria","og_locale":"en_US","og_type":"article","og_title":"Exilarte Concert at the International Summer Academy of the mdw held in the Rax and Semmering region, Austria | August 16, 2021 - Exilarte","og_description":"This year\u2019s first concert of the International Summer Academy of the mdw is dedicated to composers who were expelled by the Nazi regime. Under the title \u201cExilarte \u2013 bringing back persecuted and exiled Music\u201d, works by Erich Zeisl, Wilhelm Grosz, Hans G\u00e1l, Ruth Sch\u00f6nthal, Fritz Kreisler and Julius B\u00fcrger will be performed on Monday, August... Read more &raquo;","og_url":"https:\/\/exilarte.org\/en\/exilarte-concert-at-the-international-summer-academy-of-the-mdw-university-of-music-and-performing-arts-vienna-held-in-the-rax-and-semmering-region-austria","og_site_name":"Exilarte","article_published_time":"2021-07-28T10:14:29+00:00","article_modified_time":"2022-03-01T14:24:37+00:00","og_image":[{"width":1200,"height":800,"url":"https:\/\/exilarte.org\/wp-content\/uploads\/2021\/06\/isa21_hp1200x800_orig.jpg","type":"image\/jpeg"}],"twitter_card":"summary_large_image","twitter_misc":{"Written by":"Stephanie Jacobson","Est. reading time":"1 minute"},"schema":{"@context":"https:\/\/schema.org","@graph":[{"@type":"Organization","@id":"https:\/\/exilarte.org\/en#organization","name":"Exilarte - Zentrum f\u00fcr verfolgte Musik","url":"https:\/\/exilarte.org\/en","sameAs":[],"logo":{"@type":"ImageObject","@id":"https:\/\/exilarte.org\/en#logo","inLanguage":"en-US","url":"https:\/\/i1.wp.com\/exilarte.org\/wp-content\/uploads\/2021\/03\/exilarte_logo_2021_de.png?fit=574%2C574&ssl=1","contentUrl":"https:\/\/i1.wp.com\/exilarte.org\/wp-content\/uploads\/2021\/03\/exilarte_logo_2021_de.png?fit=574%2C574&ssl=1","width":574,"height":574,"caption":"Exilarte - Zentrum f\u00fcr verfolgte Musik"},"image":{"@id":"https:\/\/exilarte.org\/en#logo"}},{"@type":"WebSite","@id":"https:\/\/exilarte.org\/en#website","url":"https:\/\/exilarte.org\/en","name":"Exilarte","description":"Zentrum f\u00fcr verfolgte Musik","publisher":{"@id":"https:\/\/exilarte.org\/en#organization"},"potentialAction":[{"@type":"SearchAction","target":{"@type":"EntryPoint","urlTemplate":"https:\/\/exilarte.org\/en?s={search_term_string}"},"query-input":"required name=search_term_string"}],"inLanguage":"en-US"},{"@type":"ImageObject","@id":"https:\/\/exilarte.org\/en\/exilarte-concert-at-the-international-summer-academy-of-the-mdw-university-of-music-and-performing-arts-vienna-held-in-the-rax-and-semmering-region-austria#primaryimage","inLanguage":"en-US","url":"https:\/\/i0.wp.com\/exilarte.org\/wp-content\/uploads\/2021\/06\/isa21_hp1200x800_orig.jpg?fit=1200%2C800&ssl=1","contentUrl":"https:\/\/i0.wp.com\/exilarte.org\/wp-content\/uploads\/2021\/06\/isa21_hp1200x800_orig.jpg?fit=1200%2C800&ssl=1","width":1200,"height":800},{"@type":"WebPage","@id":"https:\/\/exilarte.org\/en\/exilarte-concert-at-the-international-summer-academy-of-the-mdw-university-of-music-and-performing-arts-vienna-held-in-the-rax-and-semmering-region-austria#webpage","url":"https:\/\/exilarte.org\/en\/exilarte-concert-at-the-international-summer-academy-of-the-mdw-university-of-music-and-performing-arts-vienna-held-in-the-rax-and-semmering-region-austria","name":"Exilarte Concert at the International Summer Academy of the mdw held in the Rax and Semmering region, Austria | August 16, 2021 - Exilarte","isPartOf":{"@id":"https:\/\/exilarte.org\/en#website"},"primaryImageOfPage":{"@id":"https:\/\/exilarte.org\/en\/exilarte-concert-at-the-international-summer-academy-of-the-mdw-university-of-music-and-performing-arts-vienna-held-in-the-rax-and-semmering-region-austria#primaryimage"},"datePublished":"2021-07-28T10:14:29+00:00","dateModified":"2022-03-01T14:24:37+00:00","breadcrumb":{"@id":"https:\/\/exilarte.org\/en\/exilarte-concert-at-the-international-summer-academy-of-the-mdw-university-of-music-and-performing-arts-vienna-held-in-the-rax-and-semmering-region-austria#breadcrumb"},"inLanguage":"en-US","potentialAction":[{"@type":"ReadAction","target":["https:\/\/exilarte.org\/en\/exilarte-concert-at-the-international-summer-academy-of-the-mdw-university-of-music-and-performing-arts-vienna-held-in-the-rax-and-semmering-region-austria"]}]},{"@type":"BreadcrumbList","@id":"https:\/\/exilarte.org\/en\/exilarte-concert-at-the-international-summer-academy-of-the-mdw-university-of-music-and-performing-arts-vienna-held-in-the-rax-and-semmering-region-austria#breadcrumb","itemListElement":[{"@type":"ListItem","position":1,"name":"Startseite","item":"https:\/\/exilarte.org\/en"},{"@type":"ListItem","position":2,"name":"Exilarte Concert at the International Summer Academy of the mdw held in the Rax and Semmering region, Austria | August 16, 2021"}]},{"@type":"Article","@id":"https:\/\/exilarte.org\/en\/exilarte-concert-at-the-international-summer-academy-of-the-mdw-university-of-music-and-performing-arts-vienna-held-in-the-rax-and-semmering-region-austria#article","isPartOf":{"@id":"https:\/\/exilarte.org\/en\/exilarte-concert-at-the-international-summer-academy-of-the-mdw-university-of-music-and-performing-arts-vienna-held-in-the-rax-and-semmering-region-austria#webpage"},"author":{"@id":"https:\/\/exilarte.org\/en#\/schema\/person\/c4cd8980143e55963015d724d21695e7"},"headline":"Exilarte Concert at the International Summer Academy of the mdw held in the Rax and Semmering region, Austria | August 16, 2021","datePublished":"2021-07-28T10:14:29+00:00","dateModified":"2022-03-01T14:24:37+00:00","mainEntityOfPage":{"@id":"https:\/\/exilarte.org\/en\/exilarte-concert-at-the-international-summer-academy-of-the-mdw-university-of-music-and-performing-arts-vienna-held-in-the-rax-and-semmering-region-austria#webpage"},"wordCount":170,"publisher":{"@id":"https:\/\/exilarte.org\/en#organization"},"image":{"@id":"https:\/\/exilarte.org\/en\/exilarte-concert-at-the-international-summer-academy-of-the-mdw-university-of-music-and-performing-arts-vienna-held-in-the-rax-and-semmering-region-austria#primaryimage"},"thumbnailUrl":"https:\/\/i0.wp.com\/exilarte.org\/wp-content\/uploads\/2021\/06\/isa21_hp1200x800_orig.jpg?fit=1200%2C800&ssl=1","articleSection":["Partnerships with Exilarte"],"inLanguage":"en-US"},{"@type":"Person","@id":"https:\/\/exilarte.org\/en#\/schema\/person\/c4cd8980143e55963015d724d21695e7","name":"Stephanie Jacobson","image":{"@type":"ImageObject","@id":"https:\/\/exilarte.org\/en#personlogo","inLanguage":"en-US","url":"https:\/\/secure.gravatar.com\/avatar\/a224daf4cf8889200620f3a7ec3dfdc5?s=96&d=mm&r=g","contentUrl":"https:\/\/secure.gravatar.com\/avatar\/a224daf4cf8889200620f3a7ec3dfdc5?s=96&d=mm&r=g","caption":"Stephanie Jacobson"},"url":"https:\/\/exilarte.org\/en\/author\/stephanie-jacobson"}]}},"featured_image_src":"https:\/\/i0.wp.com\/exilarte.org\/wp-content\/uploads\/2021\/06\/isa21_hp1200x800_orig.jpg?resize=600%2C400&ssl=1","featured_image_src_square":"https:\/\/i0.wp.com\/exilarte.org\/wp-content\/uploads\/2021\/06\/isa21_hp1200x800_orig.jpg?resize=600%2C600&ssl=1","author_info":{"display_name":"Stephanie Jacobson","author_link":"https:\/\/exilarte.org\/en\/author\/stephanie-jacobson"},"jetpack_featured_media_url":"https:\/\/i0.wp.com\/exilarte.org\/wp-content\/uploads\/2021\/06\/isa21_hp1200x800_orig.jpg?fit=1200%2C800&ssl=1","_links":{"self":[{"href":"https:\/\/exilarte.org\/en\/wp-json\/wp\/v2\/posts\/5531"}],"collection":[{"href":"https:\/\/exilarte.org\/en\/wp-json\/wp\/v2\/posts"}],"about":[{"href":"https:\/\/exilarte.org\/en\/wp-json\/wp\/v2\/types\/post"}],"author":[{"embeddable":true,"href":"https:\/\/exilarte.org\/en\/wp-json\/wp\/v2\/users\/3"}],"replies":[{"embeddable":true,"href":"https:\/\/exilarte.org\/en\/wp-json\/wp\/v2\/comments?post=5531"}],"version-history":[{"count":9,"href":"https:\/\/exilarte.org\/en\/wp-json\/wp\/v2\/posts\/5531\/revisions"}],"predecessor-version":[{"id":6402,"href":"https:\/\/exilarte.org\/en\/wp-json\/wp\/v2\/posts\/5531\/revisions\/6402"}],"wp:featuredmedia":[{"embeddable":true,"href":"https:\/\/exilarte.org\/en\/wp-json\/wp\/v2\/media\/5062"}],"wp:attachment":[{"href":"https:\/\/exilarte.org\/en\/wp-json\/wp\/v2\/media?parent=5531"}],"wp:term":[{"taxonomy":"category","embeddable":true,"href":"https:\/\/exilarte.org\/en\/wp-json\/wp\/v2\/categories?post=5531"},{"taxonomy":"post_tag","embeddable":true,"href":"https:\/\/exilarte.org\/en\/wp-json\/wp\/v2\/tags?post=5531"}],"curies":[{"name":"wp","href":"https:\/\/api.w.org\/{rel}","templated":true}]}}