{"id":6446,"date":"2019-05-21T17:47:00","date_gmt":"2019-05-21T15:47:00","guid":{"rendered":"https:\/\/exilarte.org\/?p=6446"},"modified":"2022-03-01T17:56:08","modified_gmt":"2022-03-01T16:56:08","slug":"andre-singer-echo-of-the-unheard-march-19-2019","status":"publish","type":"post","link":"https:\/\/exilarte.org\/en\/andre-singer-echo-of-the-unheard-march-19-2019","title":{"rendered":"Andr\u00e9 Singer \u2013 \u201eEcho of the Unheard\u201d | March 19, 2019"},"content":{"rendered":"\n<p><strong>19. M\u00e4rz 2019 | 19 Uhr |&nbsp;<strong>ORF Radiokulturhaus Studio 3<\/strong><br>Argentinierstra\u00dfe 30a, 1040 Wien<strong><br>Gespr\u00e4chskonzert Andr\u00e9 Singer<\/strong><br><br>Works<\/strong>: Chamber music by Andr\u00e9 Singer<strong><br><br>With:<\/strong>&nbsp;Joyce Lindorff, piano &amp; cembalo, George Wolf, recitation, Ulrike Anton, flute; Trio Artio: Judith Fliedl, violin, Christine Roider, cello, Johanna Estermann, pianoIrene Suchy talks with the pianist and cembalist Joyce Lindorff, a former student of Andr\u00e9 Singer, the composers\u2019 long term companion George Wolf and the historian Susanne Korbel.<\/p>\n","protected":false},"excerpt":{"rendered":"<p>19. M\u00e4rz 2019 | 19 Uhr |&nbsp;ORF Radiokulturhaus Studio 3Argentinierstra\u00dfe 30a, 1040 WienGespr\u00e4chskonzert Andr\u00e9 Singer Works: Chamber music by Andr\u00e9 Singer With:&nbsp;Joyce Lindorff, piano &amp; cembalo, George Wolf, recitation, Ulrike Anton, flute; Trio Artio: Judith Fliedl, violin, Christine Roider, cello, Johanna Estermann, pianoIrene Suchy talks with the pianist and cembalist Joyce Lindorff, a former student<a class=\"excerpt-read-more\" href=\"https:\/\/exilarte.org\/en\/andre-singer-echo-of-the-unheard-march-19-2019\" title=\"ReadAndr\u00e9 Singer \u2013 \u201eEcho of the Unheard\u201d | March 19, 2019\">&#8230; Read more &raquo;<\/a><\/p>\n","protected":false},"author":5,"featured_media":1246,"comment_status":"closed","ping_status":"closed","sticky":false,"template":"","format":"standard","meta":[],"categories":[12,4],"tags":[],"yoast_head":"<!-- This site is optimized with the Yoast SEO plugin v18.3 - https:\/\/yoast.com\/wordpress\/plugins\/seo\/ -->\n<title>Andr\u00e9 Singer \u2013 \u201eEcho of the Unheard\u201d | March 19, 2019 - Exilarte<\/title>\n<meta name=\"robots\" content=\"index, follow, max-snippet:-1, max-image-preview:large, max-video-preview:-1\" \/>\n<link rel=\"canonical\" href=\"https:\/\/exilarte.org\/en\/andre-singer-echo-of-the-unheard-march-19-2019\" \/>\n<meta property=\"og:locale\" content=\"en_US\" \/>\n<meta property=\"og:type\" content=\"article\" \/>\n<meta property=\"og:title\" content=\"Andr\u00e9 Singer \u2013 \u201eEcho of the Unheard\u201d | March 19, 2019 - Exilarte\" \/>\n<meta property=\"og:description\" content=\"19. M\u00e4rz 2019 | 19 Uhr |&nbsp;ORF Radiokulturhaus Studio 3Argentinierstra\u00dfe 30a, 1040 WienGespr\u00e4chskonzert Andr\u00e9 Singer Works: Chamber music by Andr\u00e9 Singer With:&nbsp;Joyce Lindorff, piano &amp; cembalo, George Wolf, recitation, Ulrike Anton, flute; Trio Artio: Judith Fliedl, violin, Christine Roider, cello, Johanna Estermann, pianoIrene Suchy talks with the pianist and cembalist Joyce Lindorff, a former student... Read more &raquo;\" \/>\n<meta property=\"og:url\" content=\"https:\/\/exilarte.org\/en\/andre-singer-echo-of-the-unheard-march-19-2019\" \/>\n<meta property=\"og:site_name\" content=\"Exilarte\" \/>\n<meta property=\"article:published_time\" content=\"2019-05-21T15:47:00+00:00\" \/>\n<meta property=\"article:modified_time\" content=\"2022-03-01T16:56:08+00:00\" \/>\n<meta property=\"og:image\" content=\"https:\/\/exilarte.org\/wp-content\/uploads\/2019\/08\/exilarte-andre-singer.png\" \/>\n\t<meta property=\"og:image:width\" content=\"840\" \/>\n\t<meta property=\"og:image:height\" content=\"840\" \/>\n\t<meta property=\"og:image:type\" content=\"image\/png\" \/>\n<meta name=\"twitter:card\" content=\"summary_large_image\" \/>\n<meta name=\"twitter:label1\" content=\"Written by\" \/>\n\t<meta name=\"twitter:data1\" content=\"Madeleine Fremuth\" \/>\n\t<meta name=\"twitter:label2\" content=\"Est. reading time\" \/>\n\t<meta name=\"twitter:data2\" content=\"1 minute\" \/>\n<script type=\"application\/ld+json\" class=\"yoast-schema-graph\">{\"@context\":\"https:\/\/schema.org\",\"@graph\":[{\"@type\":\"Organization\",\"@id\":\"https:\/\/exilarte.org\/en#organization\",\"name\":\"Exilarte - Zentrum f\u00fcr verfolgte Musik\",\"url\":\"https:\/\/exilarte.org\/en\",\"sameAs\":[],\"logo\":{\"@type\":\"ImageObject\",\"@id\":\"https:\/\/exilarte.org\/en#logo\",\"inLanguage\":\"en-US\",\"url\":\"https:\/\/i1.wp.com\/exilarte.org\/wp-content\/uploads\/2021\/03\/exilarte_logo_2021_de.png?fit=574%2C574&ssl=1\",\"contentUrl\":\"https:\/\/i1.wp.com\/exilarte.org\/wp-content\/uploads\/2021\/03\/exilarte_logo_2021_de.png?fit=574%2C574&ssl=1\",\"width\":574,\"height\":574,\"caption\":\"Exilarte - Zentrum f\u00fcr verfolgte Musik\"},\"image\":{\"@id\":\"https:\/\/exilarte.org\/en#logo\"}},{\"@type\":\"WebSite\",\"@id\":\"https:\/\/exilarte.org\/en#website\",\"url\":\"https:\/\/exilarte.org\/en\",\"name\":\"Exilarte\",\"description\":\"Zentrum f\u00fcr verfolgte Musik\",\"publisher\":{\"@id\":\"https:\/\/exilarte.org\/en#organization\"},\"potentialAction\":[{\"@type\":\"SearchAction\",\"target\":{\"@type\":\"EntryPoint\",\"urlTemplate\":\"https:\/\/exilarte.org\/en?s={search_term_string}\"},\"query-input\":\"required name=search_term_string\"}],\"inLanguage\":\"en-US\"},{\"@type\":\"ImageObject\",\"@id\":\"https:\/\/exilarte.org\/en\/andre-singer-echo-of-the-unheard-march-19-2019#primaryimage\",\"inLanguage\":\"en-US\",\"url\":\"https:\/\/i0.wp.com\/exilarte.org\/wp-content\/uploads\/2019\/08\/exilarte-andre-singer.png?fit=840%2C840&ssl=1\",\"contentUrl\":\"https:\/\/i0.wp.com\/exilarte.org\/wp-content\/uploads\/2019\/08\/exilarte-andre-singer.png?fit=840%2C840&ssl=1\",\"width\":840,\"height\":840},{\"@type\":\"WebPage\",\"@id\":\"https:\/\/exilarte.org\/en\/andre-singer-echo-of-the-unheard-march-19-2019#webpage\",\"url\":\"https:\/\/exilarte.org\/en\/andre-singer-echo-of-the-unheard-march-19-2019\",\"name\":\"Andr\u00e9 Singer \u2013 \u201eEcho of the Unheard\u201d | March 19, 2019 - Exilarte\",\"isPartOf\":{\"@id\":\"https:\/\/exilarte.org\/en#website\"},\"primaryImageOfPage\":{\"@id\":\"https:\/\/exilarte.org\/en\/andre-singer-echo-of-the-unheard-march-19-2019#primaryimage\"},\"datePublished\":\"2019-05-21T15:47:00+00:00\",\"dateModified\":\"2022-03-01T16:56:08+00:00\",\"breadcrumb\":{\"@id\":\"https:\/\/exilarte.org\/en\/andre-singer-echo-of-the-unheard-march-19-2019#breadcrumb\"},\"inLanguage\":\"en-US\",\"potentialAction\":[{\"@type\":\"ReadAction\",\"target\":[\"https:\/\/exilarte.org\/en\/andre-singer-echo-of-the-unheard-march-19-2019\"]}]},{\"@type\":\"BreadcrumbList\",\"@id\":\"https:\/\/exilarte.org\/en\/andre-singer-echo-of-the-unheard-march-19-2019#breadcrumb\",\"itemListElement\":[{\"@type\":\"ListItem\",\"position\":1,\"name\":\"Startseite\",\"item\":\"https:\/\/exilarte.org\/en\"},{\"@type\":\"ListItem\",\"position\":2,\"name\":\"Andr\u00e9 Singer \u2013 \u201eEcho of the Unheard\u201d | March 19, 2019\"}]},{\"@type\":\"Article\",\"@id\":\"https:\/\/exilarte.org\/en\/andre-singer-echo-of-the-unheard-march-19-2019#article\",\"isPartOf\":{\"@id\":\"https:\/\/exilarte.org\/en\/andre-singer-echo-of-the-unheard-march-19-2019#webpage\"},\"author\":{\"@id\":\"https:\/\/exilarte.org\/en#\/schema\/person\/80ed246278292e7d37abc1684bbcca96\"},\"headline\":\"Andr\u00e9 Singer \u2013 \u201eEcho of the Unheard\u201d | March 19, 2019\",\"datePublished\":\"2019-05-21T15:47:00+00:00\",\"dateModified\":\"2022-03-01T16:56:08+00:00\",\"mainEntityOfPage\":{\"@id\":\"https:\/\/exilarte.org\/en\/andre-singer-echo-of-the-unheard-march-19-2019#webpage\"},\"wordCount\":76,\"publisher\":{\"@id\":\"https:\/\/exilarte.org\/en#organization\"},\"image\":{\"@id\":\"https:\/\/exilarte.org\/en\/andre-singer-echo-of-the-unheard-march-19-2019#primaryimage\"},\"thumbnailUrl\":\"https:\/\/i0.wp.com\/exilarte.org\/wp-content\/uploads\/2019\/08\/exilarte-andre-singer.png?fit=840%2C840&ssl=1\",\"articleSection\":[\"Concert Series \\\" Echo of the Unheard\\\"\",\"posts-en\"],\"inLanguage\":\"en-US\"},{\"@type\":\"Person\",\"@id\":\"https:\/\/exilarte.org\/en#\/schema\/person\/80ed246278292e7d37abc1684bbcca96\",\"name\":\"Madeleine Fremuth\",\"image\":{\"@type\":\"ImageObject\",\"@id\":\"https:\/\/exilarte.org\/en#personlogo\",\"inLanguage\":\"en-US\",\"url\":\"https:\/\/secure.gravatar.com\/avatar\/ea62a24f7c6ae510b8e6d0436c93db70?s=96&d=mm&r=g\",\"contentUrl\":\"https:\/\/secure.gravatar.com\/avatar\/ea62a24f7c6ae510b8e6d0436c93db70?s=96&d=mm&r=g\",\"caption\":\"Madeleine Fremuth\"},\"url\":\"https:\/\/exilarte.org\/en\/author\/madeleine-fremuth\"}]}<\/script>\n<!-- \/ Yoast SEO plugin. -->","yoast_head_json":{"title":"Andr\u00e9 Singer \u2013 \u201eEcho of the Unheard\u201d | March 19, 2019 - Exilarte","robots":{"index":"index","follow":"follow","max-snippet":"max-snippet:-1","max-image-preview":"max-image-preview:large","max-video-preview":"max-video-preview:-1"},"canonical":"https:\/\/exilarte.org\/en\/andre-singer-echo-of-the-unheard-march-19-2019","og_locale":"en_US","og_type":"article","og_title":"Andr\u00e9 Singer \u2013 \u201eEcho of the Unheard\u201d | March 19, 2019 - Exilarte","og_description":"19. M\u00e4rz 2019 | 19 Uhr |&nbsp;ORF Radiokulturhaus Studio 3Argentinierstra\u00dfe 30a, 1040 WienGespr\u00e4chskonzert Andr\u00e9 Singer Works: Chamber music by Andr\u00e9 Singer With:&nbsp;Joyce Lindorff, piano &amp; cembalo, George Wolf, recitation, Ulrike Anton, flute; Trio Artio: Judith Fliedl, violin, Christine Roider, cello, Johanna Estermann, pianoIrene Suchy talks with the pianist and cembalist Joyce Lindorff, a former student... Read more &raquo;","og_url":"https:\/\/exilarte.org\/en\/andre-singer-echo-of-the-unheard-march-19-2019","og_site_name":"Exilarte","article_published_time":"2019-05-21T15:47:00+00:00","article_modified_time":"2022-03-01T16:56:08+00:00","og_image":[{"width":840,"height":840,"url":"https:\/\/exilarte.org\/wp-content\/uploads\/2019\/08\/exilarte-andre-singer.png","type":"image\/png"}],"twitter_card":"summary_large_image","twitter_misc":{"Written by":"Madeleine Fremuth","Est. reading time":"1 minute"},"schema":{"@context":"https:\/\/schema.org","@graph":[{"@type":"Organization","@id":"https:\/\/exilarte.org\/en#organization","name":"Exilarte - Zentrum f\u00fcr verfolgte Musik","url":"https:\/\/exilarte.org\/en","sameAs":[],"logo":{"@type":"ImageObject","@id":"https:\/\/exilarte.org\/en#logo","inLanguage":"en-US","url":"https:\/\/i1.wp.com\/exilarte.org\/wp-content\/uploads\/2021\/03\/exilarte_logo_2021_de.png?fit=574%2C574&ssl=1","contentUrl":"https:\/\/i1.wp.com\/exilarte.org\/wp-content\/uploads\/2021\/03\/exilarte_logo_2021_de.png?fit=574%2C574&ssl=1","width":574,"height":574,"caption":"Exilarte - Zentrum f\u00fcr verfolgte Musik"},"image":{"@id":"https:\/\/exilarte.org\/en#logo"}},{"@type":"WebSite","@id":"https:\/\/exilarte.org\/en#website","url":"https:\/\/exilarte.org\/en","name":"Exilarte","description":"Zentrum f\u00fcr verfolgte Musik","publisher":{"@id":"https:\/\/exilarte.org\/en#organization"},"potentialAction":[{"@type":"SearchAction","target":{"@type":"EntryPoint","urlTemplate":"https:\/\/exilarte.org\/en?s={search_term_string}"},"query-input":"required name=search_term_string"}],"inLanguage":"en-US"},{"@type":"ImageObject","@id":"https:\/\/exilarte.org\/en\/andre-singer-echo-of-the-unheard-march-19-2019#primaryimage","inLanguage":"en-US","url":"https:\/\/i0.wp.com\/exilarte.org\/wp-content\/uploads\/2019\/08\/exilarte-andre-singer.png?fit=840%2C840&ssl=1","contentUrl":"https:\/\/i0.wp.com\/exilarte.org\/wp-content\/uploads\/2019\/08\/exilarte-andre-singer.png?fit=840%2C840&ssl=1","width":840,"height":840},{"@type":"WebPage","@id":"https:\/\/exilarte.org\/en\/andre-singer-echo-of-the-unheard-march-19-2019#webpage","url":"https:\/\/exilarte.org\/en\/andre-singer-echo-of-the-unheard-march-19-2019","name":"Andr\u00e9 Singer \u2013 \u201eEcho of the Unheard\u201d | March 19, 2019 - Exilarte","isPartOf":{"@id":"https:\/\/exilarte.org\/en#website"},"primaryImageOfPage":{"@id":"https:\/\/exilarte.org\/en\/andre-singer-echo-of-the-unheard-march-19-2019#primaryimage"},"datePublished":"2019-05-21T15:47:00+00:00","dateModified":"2022-03-01T16:56:08+00:00","breadcrumb":{"@id":"https:\/\/exilarte.org\/en\/andre-singer-echo-of-the-unheard-march-19-2019#breadcrumb"},"inLanguage":"en-US","potentialAction":[{"@type":"ReadAction","target":["https:\/\/exilarte.org\/en\/andre-singer-echo-of-the-unheard-march-19-2019"]}]},{"@type":"BreadcrumbList","@id":"https:\/\/exilarte.org\/en\/andre-singer-echo-of-the-unheard-march-19-2019#breadcrumb","itemListElement":[{"@type":"ListItem","position":1,"name":"Startseite","item":"https:\/\/exilarte.org\/en"},{"@type":"ListItem","position":2,"name":"Andr\u00e9 Singer \u2013 \u201eEcho of the Unheard\u201d | March 19, 2019"}]},{"@type":"Article","@id":"https:\/\/exilarte.org\/en\/andre-singer-echo-of-the-unheard-march-19-2019#article","isPartOf":{"@id":"https:\/\/exilarte.org\/en\/andre-singer-echo-of-the-unheard-march-19-2019#webpage"},"author":{"@id":"https:\/\/exilarte.org\/en#\/schema\/person\/80ed246278292e7d37abc1684bbcca96"},"headline":"Andr\u00e9 Singer \u2013 \u201eEcho of the Unheard\u201d | March 19, 2019","datePublished":"2019-05-21T15:47:00+00:00","dateModified":"2022-03-01T16:56:08+00:00","mainEntityOfPage":{"@id":"https:\/\/exilarte.org\/en\/andre-singer-echo-of-the-unheard-march-19-2019#webpage"},"wordCount":76,"publisher":{"@id":"https:\/\/exilarte.org\/en#organization"},"image":{"@id":"https:\/\/exilarte.org\/en\/andre-singer-echo-of-the-unheard-march-19-2019#primaryimage"},"thumbnailUrl":"https:\/\/i0.wp.com\/exilarte.org\/wp-content\/uploads\/2019\/08\/exilarte-andre-singer.png?fit=840%2C840&ssl=1","articleSection":["Concert Series \" Echo of the Unheard\"","posts-en"],"inLanguage":"en-US"},{"@type":"Person","@id":"https:\/\/exilarte.org\/en#\/schema\/person\/80ed246278292e7d37abc1684bbcca96","name":"Madeleine Fremuth","image":{"@type":"ImageObject","@id":"https:\/\/exilarte.org\/en#personlogo","inLanguage":"en-US","url":"https:\/\/secure.gravatar.com\/avatar\/ea62a24f7c6ae510b8e6d0436c93db70?s=96&d=mm&r=g","contentUrl":"https:\/\/secure.gravatar.com\/avatar\/ea62a24f7c6ae510b8e6d0436c93db70?s=96&d=mm&r=g","caption":"Madeleine Fremuth"},"url":"https:\/\/exilarte.org\/en\/author\/madeleine-fremuth"}]}},"featured_image_src":"https:\/\/i0.wp.com\/exilarte.org\/wp-content\/uploads\/2019\/08\/exilarte-andre-singer.png?resize=600%2C400&ssl=1","featured_image_src_square":"https:\/\/i0.wp.com\/exilarte.org\/wp-content\/uploads\/2019\/08\/exilarte-andre-singer.png?resize=600%2C600&ssl=1","author_info":{"display_name":"Madeleine Fremuth","author_link":"https:\/\/exilarte.org\/en\/author\/madeleine-fremuth"},"jetpack_featured_media_url":"https:\/\/i0.wp.com\/exilarte.org\/wp-content\/uploads\/2019\/08\/exilarte-andre-singer.png?fit=840%2C840&ssl=1","_links":{"self":[{"href":"https:\/\/exilarte.org\/en\/wp-json\/wp\/v2\/posts\/6446"}],"collection":[{"href":"https:\/\/exilarte.org\/en\/wp-json\/wp\/v2\/posts"}],"about":[{"href":"https:\/\/exilarte.org\/en\/wp-json\/wp\/v2\/types\/post"}],"author":[{"embeddable":true,"href":"https:\/\/exilarte.org\/en\/wp-json\/wp\/v2\/users\/5"}],"replies":[{"embeddable":true,"href":"https:\/\/exilarte.org\/en\/wp-json\/wp\/v2\/comments?post=6446"}],"version-history":[{"count":2,"href":"https:\/\/exilarte.org\/en\/wp-json\/wp\/v2\/posts\/6446\/revisions"}],"predecessor-version":[{"id":6448,"href":"https:\/\/exilarte.org\/en\/wp-json\/wp\/v2\/posts\/6446\/revisions\/6448"}],"wp:featuredmedia":[{"embeddable":true,"href":"https:\/\/exilarte.org\/en\/wp-json\/wp\/v2\/media\/1246"}],"wp:attachment":[{"href":"https:\/\/exilarte.org\/en\/wp-json\/wp\/v2\/media?parent=6446"}],"wp:term":[{"taxonomy":"category","embeddable":true,"href":"https:\/\/exilarte.org\/en\/wp-json\/wp\/v2\/categories?post=6446"},{"taxonomy":"post_tag","embeddable":true,"href":"https:\/\/exilarte.org\/en\/wp-json\/wp\/v2\/tags?post=6446"}],"curies":[{"name":"wp","href":"https:\/\/api.w.org\/{rel}","templated":true}]}}