{"id":6814,"date":"2022-03-21T12:30:00","date_gmt":"2022-03-21T11:30:00","guid":{"rendered":"https:\/\/exilarte.org\/?p=6814"},"modified":"2022-05-03T11:23:22","modified_gmt":"2022-05-03T09:23:22","slug":"exilarte-concerts-in-new-york-and-washington-d-c-i-april-27-may-3-2022","status":"publish","type":"post","link":"https:\/\/exilarte.org\/en\/exilarte-concerts-in-new-york-and-washington-d-c-i-april-27-may-3-2022","title":{"rendered":"Exilarte Concerts in New York and Washington D.C. I April 27 &#8211; May 3, 2022"},"content":{"rendered":"\n<div style=\"height:24px\" aria-hidden=\"true\" class=\"wp-block-spacer\"><\/div>\n\n\n\n<p><strong>The Exilarte Center presents compositions from their musical estates in three concerts in the US<\/strong><\/p>\n\n\n\n<p>In cooperation with the <a href=\"https:\/\/www.cjh.org\">Center for Jewish History <\/a>in New York, the <a href=\"https:\/\/acfny.org\">Austrian Cultural Forum New York <\/a>and the <a href=\"https:\/\/acfdc.org\">Austrian Cultural Forum Washington<\/a>, concerts by the Exilarte Center will take place from April 27 to May 3, 2022, in which works by <a href=\"https:\/\/exilarte.org\/en\/nachlaesse\/julius-burger\">Julius B\u00fcrger<\/a>,<a href=\"https:\/\/exilarte.org\/en\/nachlaesse\/hans-gal\"> Hans G\u00e1l <\/a>and <a href=\"https:\/\/exilarte.org\/en\/nachlaesse\/robert-furstenthal\">Robert F\u00fcrstenthal <\/a>will be performed. The musical estates of these composers are located in the archive of the Exilarte Center.<\/p>\n\n\n\n<p>Works by Erwin Schulhoff and Alexandre Tansman will also be heard.<\/p>\n\n\n\n<p><strong><a href=\"https:\/\/www.eventbrite.com\/e\/forbidden-music-jewish-composers-banned-by-the-nazis-tickets-312836280737\">Concert at the Center for Jewish History<\/a><\/strong> <\/p>\n\n\n\n<p><strong>Wednesday, April 27, 2022, 7:30 p.m. (EDT)<\/strong><br>Center for Jewish History<br>15 West 16th Street<br>New York, NY 10011<\/p>\n\n\n\n<p>The link for the YouTube video of this concert will be published soon&#8230;<\/p>\n\n\n\n<p><strong>Works by<\/strong>: Hans G\u00e1l, Erwin Schulhoff, Alexandre Tansman, Julius B\u00fcrger and Robert F\u00fcrstenthal<\/p>\n\n\n\n<p><strong>Performers:<\/strong><\/p>\n\n\n\n<p>Ulrike Anton, flute<br><em><span style=\"text-decoration: underline;\">Selini Quartet<\/span><\/em><br>Nadia Kalmykova, violin<br>Ljuba Kalmykova, violin<br>Marta Potulska, viola<br>\u200bLoukia Loulaki, cello<br><br>Matthew Maroon, oboe<br>Taig Egan, clarinet<br>Sandford Schwartz, bassoon<br>Hyunseon Kang, soprano<br>Mariia Kolosova, piano<\/p>\n\n\n\n<p><strong><a href=\"https:\/\/acfny.org\/event\/concert-selini-quartet\/\">Concert at the Austrian Cultural Forum New York<\/a><\/strong><\/p>\n\n\n\n<p><strong>Thursday, April 28, 2022, 7 p.m. (EDT)<\/strong><br>Austrian Cultural Forum New York<br>11 East 52nd Street<br>New York, NY 10022<\/p>\n\n\n\n<p><strong>Works by: <\/strong>Julius B\u00fcrger<\/p>\n\n\n\n<p><strong>Performers:<\/strong><\/p>\n\n\n\n<p><em><span style=\"text-decoration: underline;\">Selini Quartet<\/span><\/em><br>Nadia Kalmykova, violin<br>Ljuba Kalmykova, violin<br>Marta Potulska, viola<br>Loukia Loulaki, cello<\/p>\n\n\n\n<p><strong><a href=\"https:\/\/acfdc.org\/events-2022\/2022\/5\/3\/selini-quartet\">Concert at the Austrian Cultural Forum Washington<\/a><\/strong><\/p>\n\n\n\n<p><strong>Tuesday, May 3, 2022, 7 p.m. (EDT)<\/strong><br>Austrian Cultural Forum Washington \/ Embassy of Austria<br>3524 International Court, NW<br>Washington, DC 20008<\/p>\n\n\n\n<p><strong>Works by: <\/strong>Julius B\u00fcrger, Erwin Schulhoff und B\u00e9la Bart\u00f3k<\/p>\n\n\n\n<p><strong>Performers:<\/strong><\/p>\n\n\n\n<p><em><span style=\"text-decoration: underline;\">Selini Quartet<\/span><\/em><br>Nadia Kalmykova, violin<br>Ljuba Kalmykova, violin<br>Marta Potulska, viola<br>Loukia Loulaki, cello<\/p>\n","protected":false},"excerpt":{"rendered":"<p>The Exilarte Center presents compositions from their musical estates in three concerts in the US&#8230;<\/p>\n","protected":false},"author":5,"featured_media":6810,"comment_status":"closed","ping_status":"closed","sticky":false,"template":"","format":"standard","meta":[],"categories":[23,22,13,4],"tags":[],"yoast_head":"<!-- This site is optimized with the Yoast SEO plugin v18.3 - https:\/\/yoast.com\/wordpress\/plugins\/seo\/ -->\n<title>Exilarte Concerts in New York and Washington D.C. I April 27 - May 3, 2022 - Exilarte<\/title>\n<meta name=\"robots\" content=\"index, follow, max-snippet:-1, max-image-preview:large, max-video-preview:-1\" \/>\n<link rel=\"canonical\" href=\"https:\/\/exilarte.org\/en\/exilarte-concerts-in-new-york-and-washington-d-c-i-april-27-may-3-2022\" \/>\n<meta property=\"og:locale\" content=\"en_US\" \/>\n<meta property=\"og:type\" content=\"article\" \/>\n<meta property=\"og:title\" content=\"Exilarte Concerts in New York and Washington D.C. I April 27 - May 3, 2022 - Exilarte\" \/>\n<meta property=\"og:description\" content=\"The Exilarte Center presents compositions from their musical estates in three concerts in the US...\" \/>\n<meta property=\"og:url\" content=\"https:\/\/exilarte.org\/en\/exilarte-concerts-in-new-york-and-washington-d-c-i-april-27-may-3-2022\" \/>\n<meta property=\"og:site_name\" content=\"Exilarte\" \/>\n<meta property=\"article:published_time\" content=\"2022-03-21T11:30:00+00:00\" \/>\n<meta property=\"article:modified_time\" content=\"2022-05-03T09:23:22+00:00\" \/>\n<meta property=\"og:image\" content=\"https:\/\/exilarte.org\/wp-content\/uploads\/2022\/04\/Buerger-Fuerstenthal-Gal.png\" \/>\n\t<meta property=\"og:image:width\" content=\"640\" \/>\n\t<meta property=\"og:image:height\" content=\"640\" \/>\n\t<meta property=\"og:image:type\" content=\"image\/png\" \/>\n<meta name=\"twitter:card\" content=\"summary_large_image\" \/>\n<meta name=\"twitter:label1\" content=\"Written by\" \/>\n\t<meta name=\"twitter:data1\" content=\"Madeleine Fremuth\" \/>\n\t<meta name=\"twitter:label2\" content=\"Est. reading time\" \/>\n\t<meta name=\"twitter:data2\" content=\"2 minutes\" \/>\n<script type=\"application\/ld+json\" class=\"yoast-schema-graph\">{\"@context\":\"https:\/\/schema.org\",\"@graph\":[{\"@type\":\"Organization\",\"@id\":\"https:\/\/exilarte.org\/en#organization\",\"name\":\"Exilarte - Zentrum f\u00fcr verfolgte Musik\",\"url\":\"https:\/\/exilarte.org\/en\",\"sameAs\":[],\"logo\":{\"@type\":\"ImageObject\",\"@id\":\"https:\/\/exilarte.org\/en#logo\",\"inLanguage\":\"en-US\",\"url\":\"https:\/\/i1.wp.com\/exilarte.org\/wp-content\/uploads\/2021\/03\/exilarte_logo_2021_de.png?fit=574%2C574&ssl=1\",\"contentUrl\":\"https:\/\/i1.wp.com\/exilarte.org\/wp-content\/uploads\/2021\/03\/exilarte_logo_2021_de.png?fit=574%2C574&ssl=1\",\"width\":574,\"height\":574,\"caption\":\"Exilarte - Zentrum f\u00fcr verfolgte Musik\"},\"image\":{\"@id\":\"https:\/\/exilarte.org\/en#logo\"}},{\"@type\":\"WebSite\",\"@id\":\"https:\/\/exilarte.org\/en#website\",\"url\":\"https:\/\/exilarte.org\/en\",\"name\":\"Exilarte\",\"description\":\"Zentrum f\u00fcr verfolgte Musik\",\"publisher\":{\"@id\":\"https:\/\/exilarte.org\/en#organization\"},\"potentialAction\":[{\"@type\":\"SearchAction\",\"target\":{\"@type\":\"EntryPoint\",\"urlTemplate\":\"https:\/\/exilarte.org\/en?s={search_term_string}\"},\"query-input\":\"required name=search_term_string\"}],\"inLanguage\":\"en-US\"},{\"@type\":\"ImageObject\",\"@id\":\"https:\/\/exilarte.org\/en\/exilarte-concerts-in-new-york-and-washington-d-c-i-april-27-may-3-2022#primaryimage\",\"inLanguage\":\"en-US\",\"url\":\"https:\/\/i0.wp.com\/exilarte.org\/wp-content\/uploads\/2022\/04\/Buerger-Fuerstenthal-Gal.png?fit=640%2C640&ssl=1\",\"contentUrl\":\"https:\/\/i0.wp.com\/exilarte.org\/wp-content\/uploads\/2022\/04\/Buerger-Fuerstenthal-Gal.png?fit=640%2C640&ssl=1\",\"width\":640,\"height\":640},{\"@type\":\"WebPage\",\"@id\":\"https:\/\/exilarte.org\/en\/exilarte-concerts-in-new-york-and-washington-d-c-i-april-27-may-3-2022#webpage\",\"url\":\"https:\/\/exilarte.org\/en\/exilarte-concerts-in-new-york-and-washington-d-c-i-april-27-may-3-2022\",\"name\":\"Exilarte Concerts in New York and Washington D.C. I April 27 - May 3, 2022 - Exilarte\",\"isPartOf\":{\"@id\":\"https:\/\/exilarte.org\/en#website\"},\"primaryImageOfPage\":{\"@id\":\"https:\/\/exilarte.org\/en\/exilarte-concerts-in-new-york-and-washington-d-c-i-april-27-may-3-2022#primaryimage\"},\"datePublished\":\"2022-03-21T11:30:00+00:00\",\"dateModified\":\"2022-05-03T09:23:22+00:00\",\"breadcrumb\":{\"@id\":\"https:\/\/exilarte.org\/en\/exilarte-concerts-in-new-york-and-washington-d-c-i-april-27-may-3-2022#breadcrumb\"},\"inLanguage\":\"en-US\",\"potentialAction\":[{\"@type\":\"ReadAction\",\"target\":[\"https:\/\/exilarte.org\/en\/exilarte-concerts-in-new-york-and-washington-d-c-i-april-27-may-3-2022\"]}]},{\"@type\":\"BreadcrumbList\",\"@id\":\"https:\/\/exilarte.org\/en\/exilarte-concerts-in-new-york-and-washington-d-c-i-april-27-may-3-2022#breadcrumb\",\"itemListElement\":[{\"@type\":\"ListItem\",\"position\":1,\"name\":\"Startseite\",\"item\":\"https:\/\/exilarte.org\/en\"},{\"@type\":\"ListItem\",\"position\":2,\"name\":\"Exilarte Concerts in New York and Washington D.C. I April 27 &#8211; May 3, 2022\"}]},{\"@type\":\"Article\",\"@id\":\"https:\/\/exilarte.org\/en\/exilarte-concerts-in-new-york-and-washington-d-c-i-april-27-may-3-2022#article\",\"isPartOf\":{\"@id\":\"https:\/\/exilarte.org\/en\/exilarte-concerts-in-new-york-and-washington-d-c-i-april-27-may-3-2022#webpage\"},\"author\":{\"@id\":\"https:\/\/exilarte.org\/en#\/schema\/person\/80ed246278292e7d37abc1684bbcca96\"},\"headline\":\"Exilarte Concerts in New York and Washington D.C. I April 27 &#8211; May 3, 2022\",\"datePublished\":\"2022-03-21T11:30:00+00:00\",\"dateModified\":\"2022-05-03T09:23:22+00:00\",\"mainEntityOfPage\":{\"@id\":\"https:\/\/exilarte.org\/en\/exilarte-concerts-in-new-york-and-washington-d-c-i-april-27-may-3-2022#webpage\"},\"wordCount\":265,\"publisher\":{\"@id\":\"https:\/\/exilarte.org\/en#organization\"},\"image\":{\"@id\":\"https:\/\/exilarte.org\/en\/exilarte-concerts-in-new-york-and-washington-d-c-i-april-27-may-3-2022#primaryimage\"},\"thumbnailUrl\":\"https:\/\/i0.wp.com\/exilarte.org\/wp-content\/uploads\/2022\/04\/Buerger-Fuerstenthal-Gal.png?fit=640%2C640&ssl=1\",\"articleSection\":[\"Featured\",\"International-en\",\"news\",\"posts-en\"],\"inLanguage\":\"en-US\"},{\"@type\":\"Person\",\"@id\":\"https:\/\/exilarte.org\/en#\/schema\/person\/80ed246278292e7d37abc1684bbcca96\",\"name\":\"Madeleine Fremuth\",\"image\":{\"@type\":\"ImageObject\",\"@id\":\"https:\/\/exilarte.org\/en#personlogo\",\"inLanguage\":\"en-US\",\"url\":\"https:\/\/secure.gravatar.com\/avatar\/ea62a24f7c6ae510b8e6d0436c93db70?s=96&d=mm&r=g\",\"contentUrl\":\"https:\/\/secure.gravatar.com\/avatar\/ea62a24f7c6ae510b8e6d0436c93db70?s=96&d=mm&r=g\",\"caption\":\"Madeleine Fremuth\"},\"url\":\"https:\/\/exilarte.org\/en\/author\/madeleine-fremuth\"}]}<\/script>\n<!-- \/ Yoast SEO plugin. -->","yoast_head_json":{"title":"Exilarte Concerts in New York and Washington D.C. I April 27 - May 3, 2022 - Exilarte","robots":{"index":"index","follow":"follow","max-snippet":"max-snippet:-1","max-image-preview":"max-image-preview:large","max-video-preview":"max-video-preview:-1"},"canonical":"https:\/\/exilarte.org\/en\/exilarte-concerts-in-new-york-and-washington-d-c-i-april-27-may-3-2022","og_locale":"en_US","og_type":"article","og_title":"Exilarte Concerts in New York and Washington D.C. I April 27 - May 3, 2022 - Exilarte","og_description":"The Exilarte Center presents compositions from their musical estates in three concerts in the US...","og_url":"https:\/\/exilarte.org\/en\/exilarte-concerts-in-new-york-and-washington-d-c-i-april-27-may-3-2022","og_site_name":"Exilarte","article_published_time":"2022-03-21T11:30:00+00:00","article_modified_time":"2022-05-03T09:23:22+00:00","og_image":[{"width":640,"height":640,"url":"https:\/\/exilarte.org\/wp-content\/uploads\/2022\/04\/Buerger-Fuerstenthal-Gal.png","type":"image\/png"}],"twitter_card":"summary_large_image","twitter_misc":{"Written by":"Madeleine Fremuth","Est. reading time":"2 minutes"},"schema":{"@context":"https:\/\/schema.org","@graph":[{"@type":"Organization","@id":"https:\/\/exilarte.org\/en#organization","name":"Exilarte - Zentrum f\u00fcr verfolgte Musik","url":"https:\/\/exilarte.org\/en","sameAs":[],"logo":{"@type":"ImageObject","@id":"https:\/\/exilarte.org\/en#logo","inLanguage":"en-US","url":"https:\/\/i1.wp.com\/exilarte.org\/wp-content\/uploads\/2021\/03\/exilarte_logo_2021_de.png?fit=574%2C574&ssl=1","contentUrl":"https:\/\/i1.wp.com\/exilarte.org\/wp-content\/uploads\/2021\/03\/exilarte_logo_2021_de.png?fit=574%2C574&ssl=1","width":574,"height":574,"caption":"Exilarte - Zentrum f\u00fcr verfolgte Musik"},"image":{"@id":"https:\/\/exilarte.org\/en#logo"}},{"@type":"WebSite","@id":"https:\/\/exilarte.org\/en#website","url":"https:\/\/exilarte.org\/en","name":"Exilarte","description":"Zentrum f\u00fcr verfolgte Musik","publisher":{"@id":"https:\/\/exilarte.org\/en#organization"},"potentialAction":[{"@type":"SearchAction","target":{"@type":"EntryPoint","urlTemplate":"https:\/\/exilarte.org\/en?s={search_term_string}"},"query-input":"required name=search_term_string"}],"inLanguage":"en-US"},{"@type":"ImageObject","@id":"https:\/\/exilarte.org\/en\/exilarte-concerts-in-new-york-and-washington-d-c-i-april-27-may-3-2022#primaryimage","inLanguage":"en-US","url":"https:\/\/i0.wp.com\/exilarte.org\/wp-content\/uploads\/2022\/04\/Buerger-Fuerstenthal-Gal.png?fit=640%2C640&ssl=1","contentUrl":"https:\/\/i0.wp.com\/exilarte.org\/wp-content\/uploads\/2022\/04\/Buerger-Fuerstenthal-Gal.png?fit=640%2C640&ssl=1","width":640,"height":640},{"@type":"WebPage","@id":"https:\/\/exilarte.org\/en\/exilarte-concerts-in-new-york-and-washington-d-c-i-april-27-may-3-2022#webpage","url":"https:\/\/exilarte.org\/en\/exilarte-concerts-in-new-york-and-washington-d-c-i-april-27-may-3-2022","name":"Exilarte Concerts in New York and Washington D.C. I April 27 - May 3, 2022 - Exilarte","isPartOf":{"@id":"https:\/\/exilarte.org\/en#website"},"primaryImageOfPage":{"@id":"https:\/\/exilarte.org\/en\/exilarte-concerts-in-new-york-and-washington-d-c-i-april-27-may-3-2022#primaryimage"},"datePublished":"2022-03-21T11:30:00+00:00","dateModified":"2022-05-03T09:23:22+00:00","breadcrumb":{"@id":"https:\/\/exilarte.org\/en\/exilarte-concerts-in-new-york-and-washington-d-c-i-april-27-may-3-2022#breadcrumb"},"inLanguage":"en-US","potentialAction":[{"@type":"ReadAction","target":["https:\/\/exilarte.org\/en\/exilarte-concerts-in-new-york-and-washington-d-c-i-april-27-may-3-2022"]}]},{"@type":"BreadcrumbList","@id":"https:\/\/exilarte.org\/en\/exilarte-concerts-in-new-york-and-washington-d-c-i-april-27-may-3-2022#breadcrumb","itemListElement":[{"@type":"ListItem","position":1,"name":"Startseite","item":"https:\/\/exilarte.org\/en"},{"@type":"ListItem","position":2,"name":"Exilarte Concerts in New York and Washington D.C. I April 27 &#8211; May 3, 2022"}]},{"@type":"Article","@id":"https:\/\/exilarte.org\/en\/exilarte-concerts-in-new-york-and-washington-d-c-i-april-27-may-3-2022#article","isPartOf":{"@id":"https:\/\/exilarte.org\/en\/exilarte-concerts-in-new-york-and-washington-d-c-i-april-27-may-3-2022#webpage"},"author":{"@id":"https:\/\/exilarte.org\/en#\/schema\/person\/80ed246278292e7d37abc1684bbcca96"},"headline":"Exilarte Concerts in New York and Washington D.C. I April 27 &#8211; May 3, 2022","datePublished":"2022-03-21T11:30:00+00:00","dateModified":"2022-05-03T09:23:22+00:00","mainEntityOfPage":{"@id":"https:\/\/exilarte.org\/en\/exilarte-concerts-in-new-york-and-washington-d-c-i-april-27-may-3-2022#webpage"},"wordCount":265,"publisher":{"@id":"https:\/\/exilarte.org\/en#organization"},"image":{"@id":"https:\/\/exilarte.org\/en\/exilarte-concerts-in-new-york-and-washington-d-c-i-april-27-may-3-2022#primaryimage"},"thumbnailUrl":"https:\/\/i0.wp.com\/exilarte.org\/wp-content\/uploads\/2022\/04\/Buerger-Fuerstenthal-Gal.png?fit=640%2C640&ssl=1","articleSection":["Featured","International-en","news","posts-en"],"inLanguage":"en-US"},{"@type":"Person","@id":"https:\/\/exilarte.org\/en#\/schema\/person\/80ed246278292e7d37abc1684bbcca96","name":"Madeleine Fremuth","image":{"@type":"ImageObject","@id":"https:\/\/exilarte.org\/en#personlogo","inLanguage":"en-US","url":"https:\/\/secure.gravatar.com\/avatar\/ea62a24f7c6ae510b8e6d0436c93db70?s=96&d=mm&r=g","contentUrl":"https:\/\/secure.gravatar.com\/avatar\/ea62a24f7c6ae510b8e6d0436c93db70?s=96&d=mm&r=g","caption":"Madeleine Fremuth"},"url":"https:\/\/exilarte.org\/en\/author\/madeleine-fremuth"}]}},"featured_image_src":"https:\/\/i0.wp.com\/exilarte.org\/wp-content\/uploads\/2022\/04\/Buerger-Fuerstenthal-Gal.png?resize=600%2C400&ssl=1","featured_image_src_square":"https:\/\/i0.wp.com\/exilarte.org\/wp-content\/uploads\/2022\/04\/Buerger-Fuerstenthal-Gal.png?resize=600%2C600&ssl=1","author_info":{"display_name":"Madeleine Fremuth","author_link":"https:\/\/exilarte.org\/en\/author\/madeleine-fremuth"},"jetpack_featured_media_url":"https:\/\/i0.wp.com\/exilarte.org\/wp-content\/uploads\/2022\/04\/Buerger-Fuerstenthal-Gal.png?fit=640%2C640&ssl=1","_links":{"self":[{"href":"https:\/\/exilarte.org\/en\/wp-json\/wp\/v2\/posts\/6814"}],"collection":[{"href":"https:\/\/exilarte.org\/en\/wp-json\/wp\/v2\/posts"}],"about":[{"href":"https:\/\/exilarte.org\/en\/wp-json\/wp\/v2\/types\/post"}],"author":[{"embeddable":true,"href":"https:\/\/exilarte.org\/en\/wp-json\/wp\/v2\/users\/5"}],"replies":[{"embeddable":true,"href":"https:\/\/exilarte.org\/en\/wp-json\/wp\/v2\/comments?post=6814"}],"version-history":[{"count":24,"href":"https:\/\/exilarte.org\/en\/wp-json\/wp\/v2\/posts\/6814\/revisions"}],"predecessor-version":[{"id":6965,"href":"https:\/\/exilarte.org\/en\/wp-json\/wp\/v2\/posts\/6814\/revisions\/6965"}],"wp:featuredmedia":[{"embeddable":true,"href":"https:\/\/exilarte.org\/en\/wp-json\/wp\/v2\/media\/6810"}],"wp:attachment":[{"href":"https:\/\/exilarte.org\/en\/wp-json\/wp\/v2\/media?parent=6814"}],"wp:term":[{"taxonomy":"category","embeddable":true,"href":"https:\/\/exilarte.org\/en\/wp-json\/wp\/v2\/categories?post=6814"},{"taxonomy":"post_tag","embeddable":true,"href":"https:\/\/exilarte.org\/en\/wp-json\/wp\/v2\/tags?post=6814"}],"curies":[{"name":"wp","href":"https:\/\/api.w.org\/{rel}","templated":true}]}}